{"id":728,"date":"2017-06-05T01:34:00","date_gmt":"2017-06-05T04:34:00","guid":{"rendered":"https:\/\/hridiomas.com\/aprender-esperanto\/?p=728"},"modified":"2025-01-16T15:04:48","modified_gmt":"2025-01-16T18:04:48","slug":"uso-dos-correlativos-do-esperanto","status":"publish","type":"post","link":"https:\/\/hridiomas.com\/aprender-esperanto\/uso-dos-correlativos-do-esperanto\/","title":{"rendered":"Uso dos correlativos do Esperanto"},"content":{"rendered":"\n<p>Correlativos s\u00e3o palavras que exprimem uma rela\u00e7\u00e3o m\u00fatua e podem ser usadas aos pares. Por exemplo, as palavras usadas para formular quest\u00f5es que exigem respostas espec\u00edficas diferentes de um sim ou n\u00e3o. &#8220;O qu\u00ea?&#8221; exige uma resposta por &#8220;algo&#8221;, &#8220;aquilo&#8221;, &#8220;tudo&#8221; ou &#8220;nada&#8221;. Os pares &#8220;onde\/ ali&#8221;, &#8220;quando\/ sempre&#8221;, &#8220;como\/ assim&#8221; etc, s\u00e3o outros exemplos de correlativos. <\/p>\n\n\n\n<p>O esperanto tem uma maneira muito interessante e pr\u00e1tica de construir seus correlativos: ao todo existem 45 correlativos, derivados de quatro prefixos e nove sufixos, com um &#8220;I&#8221; intercalar. Note-se que a s\u00e9rie dos indefinidos, a qual s\u00e3o a base do sistema, n\u00e3o tem prefixo, come\u00e7ando diretamente por &#8220;I-&#8221; (indefinidos). Quatro destas s\u00e9ries s\u00e3o pronominais e\/ou adjectivais e cinco s\u00e3o adverbiais.<\/p>\n\n\n\n<p>Assim, basta aprender o significado desses 13 afixos para ter acesso a todos os correlativos da l\u00edngua. E vale a pena aprend\u00ea-las, visto que estas palavras simples constituem aproximadamente 10% de qualquer texto em esperanto.<\/p>\n\n\n\n<h2 class=\"wp-block-heading\" id=\"h-prefixos\">Prefixos<\/h2>\n\n\n\n<ul class=\"wp-block-list\">\n<li><strong>I:<\/strong> indefinido (sem prefixo).<\/li>\n\n\n\n<li><strong>KI: <\/strong>interrogativo, exclamativo, ou relativo (conjuntivo).<\/li>\n\n\n\n<li><strong>TI: <\/strong>demonstrativo.<\/li>\n\n\n\n<li><strong>NENI: <\/strong>negativo.<\/li>\n\n\n\n<li><strong>\u0108I: <\/strong>coletivo, distributivo.<\/li>\n<\/ul>\n\n\n\n<h2 class=\"wp-block-heading\" id=\"h-sufixos\">Sufixos<\/h2>\n\n\n\n<ul class=\"wp-block-list\">\n<li><strong>U: <\/strong>indiv\u00edduo.<\/li>\n\n\n\n<li><strong>O:<\/strong> coisa.<\/li>\n\n\n\n<li><strong>A: <\/strong>esp\u00e9cie.<\/li>\n\n\n\n<li><strong>ES: <\/strong>posse.<\/li>\n\n\n\n<li><strong>E:<\/strong> lugar.<\/li>\n\n\n\n<li><strong>AM: <\/strong>tempo.<\/li>\n\n\n\n<li><strong>AL: <\/strong>motivo.<\/li>\n\n\n\n<li><strong>EL:<\/strong> modo.<\/li>\n\n\n\n<li><strong>OM: <\/strong>quantidade.<\/li>\n<\/ul>\n\n\n\n<p>Os correlativos terminados em &#8220;-a&#8221; ou &#8220;-u&#8221; podem levar a marca do plural &#8220;j&#8221;. Os sufixos terminados em vogais podem levar a termina\u00e7\u00e3o do caso acusativo &#8220;n&#8221;. No caso dos terminados em &#8220;-e&#8221;, trata-se do acusativo para mostrar o movimento (como em alem\u00e3o e russo).<\/p>\n\n\n\n<h2 class=\"wp-block-heading\" id=\"h-correlativos\">Correlativos<\/h2>\n\n\n\n<p>Unindo prefixos e sufixos com o &#8220;-i-&#8221; intercalar, temos os seguintes correlativos:<\/p>\n\n\n\n<figure class=\"wp-block-table\"><table><tbody><tr><td>&#8211;<\/td><td><strong>KI<\/strong><br>Indaga\u00e7\u00e3o<\/td><td><strong>TI<\/strong><br>Indica\u00e7\u00e3o<\/td><td><strong>I<\/strong><br>Indefini\u00e7\u00e3o<\/td><td><strong>NENI<\/strong><br>Aus\u00eancia de algo<\/td><td><strong>\u0109iom<\/strong><br><em>Tudo, toda quantidade<\/em><\/td><\/tr><tr><td><strong>U<\/strong><br>Indiv\u00edduo\/Coisa definida<\/td><td><strong>kiu<\/strong><br>Que\/Quem\/Qual<\/td><td><strong>tiu<\/strong><br>Esse(a)\/Aquele(a)<\/td><td><strong>iu<\/strong><br>Algu\u00e9m\/Algum(a)<\/td><td><strong>neniu<\/strong><br>Ningu\u00e9m<\/td><td><strong>\u0109iu<\/strong><br>Todo\/Cada<\/td><\/tr><tr><td><strong>O<\/strong><br>Coisa Indefinida<\/td><td><strong>kio<\/strong><br>O que<\/td><td><strong>tio<\/strong><br>Isso\/Aquilo<\/td><td><strong>io<\/strong><br>Algo<\/td><td><strong>nenio<\/strong><br>Nada<\/td><td><strong>\u0109io<\/strong><br>Tudo<\/td><\/tr><tr><td><strong>A<\/strong><br>Tipo\/Esp\u00e9cie<\/td><td><strong>kia<\/strong><br>De que tipo\/esp\u00e9cie, como<\/td><td><strong>tia<\/strong><br>Desse tipo\/esp\u00e9cie, assim\/tal<\/td><td><strong>ia<\/strong><br>De algum tipo\/esp\u00e9cie<\/td><td><strong>nenia<\/strong><br>De nenhum tipo\/esp\u00e9cie<\/td><td><strong>\u0109ia<\/strong><br>De todo tipo\/esp\u00e9cie<\/td><\/tr><tr><td><strong>E<\/strong><br>Lugar<\/td><td><strong>kie<\/strong><br>Onde<\/td><td><strong>tie<\/strong><br>A\u00ed\/Ali\/L\u00e1<\/td><td><strong>ie<\/strong><br>Algum lugar<\/td><td><strong>nenie<\/strong><br>Nenhum lugar<\/td><td><strong>\u0109ie<\/strong><br>Todo lugar<\/td><\/tr><tr><td><strong>AL<\/strong><br>Motivo<\/td><td><strong>kial<\/strong><br>Por qu\u00ea?<\/td><td><strong>tial<\/strong><br>Por isso<\/td><td><strong>ial<\/strong><br>Por algum motivo<\/td><td><strong>nenial<\/strong><br>Por nenhum motivo<\/td><td><strong>\u0109ial<\/strong><br>Por todos os motivos<\/td><\/tr><tr><td><strong>AM<\/strong><br>Tempo<\/td><td><strong>kiam<\/strong><br>Quando<\/td><td><strong>tiam<\/strong><br>Nesse\/Naquele tempo, ent\u00e3o<\/td><td><strong>iam<\/strong><br>Em algum tempo\/momento<\/td><td><strong>neniam<\/strong><br>Em nenhum tempo, Nunca<\/td><td><strong>\u0109iam<\/strong><br>Em todos os tempos, Sempre<\/td><\/tr><tr><td><strong>EL<\/strong><br>Modo \/ Maneira \/ Forma<\/td><td><strong>kiel<\/strong><br>Como\/De que modo<\/td><td><strong>tiel<\/strong><br>Assim, Desse\/Daquele modo<\/td><td><strong>iel<\/strong><br>De algum modo<\/td><td><strong>neniel<\/strong><br>De nenhum modo<\/td><td><strong>\u0109iel<\/strong><br>De todos os modos<\/td><\/tr><tr><td><strong>ES<\/strong><br>Posse<\/td><td><strong>kies<\/strong><br>De quem\/Cujo<\/td><td><strong>ties<\/strong><br>De tal pessoa\/Dele(a)<\/td><td><strong>ies<\/strong><br>De algu\u00e9m<\/td><td><strong>nenies<\/strong><br>De ningu\u00e9m<\/td><td><strong>\u0109ies<\/strong><br>De todos<\/td><\/tr><tr><td><strong>OM<\/strong><br>Quantidade<\/td><td><strong>kiom<\/strong><br>Quanto<\/td><td><strong>tiom<\/strong><br>Tanto<\/td><td><strong>iom<\/strong><br>Um pouco, uma certa quantidade<\/td><td><strong>neniom<\/strong><br>Nada, nenhuma quantidade<\/td><td><strong>\u0109iom<\/strong><br>Tudo, toda quantidade<\/td><\/tr><\/tbody><\/table><\/figure>\n\n\n\n<h2 class=\"wp-block-heading\" id=\"h-uso-dos-correlativos\">Uso dos correlativos<\/h2>\n\n\n\n<ul class=\"wp-block-list\">\n<li><strong>io kio:<\/strong> algo que.<\/li>\n\n\n\n<li><strong>tio kio: <\/strong>aquilo que, o que, o qual.<\/li>\n\n\n\n<li><strong>tiam kiam: <\/strong>naquele momento quando.<\/li>\n\n\n\n<li><strong>\u0109iam kiam:<\/strong> sempre que, sempre quando.<\/li>\n\n\n\n<li><strong>tia kia: <\/strong>tal qual.<\/li>\n\n\n\n<li><strong>tiel kiel:<\/strong> do mesmo modo que, assim como, tanto quanto, t\u00e3o\u2026 quanto\u2026 (modo ou intensidade).<\/li>\n\n\n\n<li><strong>tiom kiom: <\/strong>tanto quanto (quantidade).<\/li>\n<\/ul>\n\n\n\n<h2 class=\"wp-block-heading\" id=\"h-particulas\">Part\u00edculas<\/h2>\n\n\n\n<p>Algumas ideias complementares s\u00e3o formadas com part\u00edculas especiais, &#8220;ajn&#8221; indica generalidades, &#8220;\u0109i&#8221; refor\u00e7a a ideia de proximidade e &#8220;for&#8221; para indicar dist\u00e2ncia, isso ocorre pelo fato dos correlativos n\u00e3o deixarem claras tais ideias. As part\u00edculas podem ser usadas tanto antes quanto depois dos correlativos.<\/p>\n\n\n\n<h3 class=\"wp-block-heading\" id=\"h-ci\">\u0108i<\/h3>\n\n\n\n<p>A part\u00edcula &#8220;\u0109i&#8221; exprime a ideia de proximidade, sendo essa part\u00edcula usada em conjunto com os correlativos que se iniciam em &#8220;ti&#8221; ou &#8220;\u0109i&#8221;.<\/p>\n\n\n\n<ul class=\"wp-block-list\">\n<li><strong>\u0109i tie:<\/strong> aqui, c\u00e1.<\/li>\n\n\n\n<li><strong>\u0109i tio:<\/strong> isto.<\/li>\n\n\n\n<li><strong>\u0109i tiu: <\/strong>este aqui.<\/li>\n\n\n\n<li><strong>\u0109i \u0109io: <\/strong>tudo isto aqui.<\/li>\n\n\n\n<li><strong>\u0109i \u0109iuj:<\/strong> todos estes.<\/li>\n<\/ul>\n\n\n\n<h3 class=\"wp-block-heading\" id=\"h-ajn\">Ajn<\/h3>\n\n\n\n<p>A part\u00edcula &#8220;ajn&#8221; \u00e9 usada para representar o &#8220;quer que seja&#8221;, aumentando assim a indefini\u00e7\u00e3o de algo. Normalmente usado junto aos correlativos que come\u00e7am com &#8220;i&#8221;, &#8220;ki&#8221; ou &#8220;\u0109i&#8221;.<\/p>\n\n\n\n<ul class=\"wp-block-list\">\n<li><strong>iu ajn \/ kiu ajn:<\/strong> qualquer, qualquer um.<\/li>\n\n\n\n<li><strong>io ajn \/ kio ajn: <\/strong>o que quer que seja, qualquer coisa.<\/li>\n\n\n\n<li><strong>ie ajn \/ kie ajn:<\/strong> onde quer que seja.<\/li>\n\n\n\n<li><strong>ies ajn \/ kies ajn: <\/strong>de quem quer que seja.<\/li>\n<\/ul>\n\n\n\n<h3 class=\"wp-block-heading\" id=\"h-for\">For<\/h3>\n\n\n\n<ul class=\"wp-block-list\">\n<li><strong>tiu for: <\/strong>aquele l\u00e1, aquele ali.<\/li>\n<\/ul>\n\n\n\n<h2 class=\"wp-block-heading\" id=\"h-extensoes-dos-correlativos\">Extens\u00f5es dos correlativos<\/h2>\n\n\n\n<p>O sistema de correlativos \u00e9 \u00e0s vezes usado como uma forma de extens\u00e3o para a raiz &#8220;ali-&#8221; (outro), isso acontece quando o resultado da palavra \u00e9 clara.<\/p>\n\n\n\n<ul class=\"wp-block-list\">\n<li><strong>aliel: <\/strong>em outro caminho.<\/li>\n\n\n\n<li><strong>alies: <\/strong>de algu\u00e9m.<\/li>\n<\/ul>\n\n\n\n<p>Se a tabela fosse completada com todos os itens come\u00e7ando com &#8220;ali-&#8220;, ent\u00e3o &#8220;alie&#8221;, seria amb\u00edgua (ou simplesmente mudaria de significado) pelo fato de seu sentido original que significa &#8220;do contr\u00e1rio&#8221;. Para expressar a ideia de &#8220;outro lugar&#8221;, usa-se &#8220;aliloke&#8221; (de <em>loko<\/em>, &#8220;lugar&#8221;).<\/p>\n\n\n\n<p>Como significado pr\u00e1tico, somente &#8220;aliel&#8221; e &#8220;alies&#8221; s\u00e3o vistas com alguma frequ\u00eancia, por\u00e9m todas essas formas s\u00e3o criticadas por muitos falantes do idioma.<\/p>\n\n\n\n<h2 class=\"wp-block-heading\" id=\"h-as-ki-para-perguntas-e-como-relativos\">As &#8220;ki&#8221; para perguntas e como relativos<\/h2>\n\n\n\n<p>As palavras que se iniciam com &#8220;ki&#8221; s\u00e3o usadas tanto para perguntas como tamb\u00e9m para criar sub-frases (ora\u00e7\u00f5es subordinadas) referenciando elementos da frase principal.<\/p>\n\n\n\n<p><strong>Kiu<\/strong> \u00e9 a forma mais comum de iniciar uma sub-frase e corresponde em portugu\u00eas a &#8220;o qual&#8221;.<\/p>\n\n\n\n<p><strong>La viro, <span style=\"text-decoration: underline;\">kiu<\/span> staras tie.<br><\/strong>O homem, <span style=\"text-decoration: underline;\">o qual<\/span> est\u00e1 ali. (No Brasil, &#8220;o qual&#8221; \u00e9 frequentemente substitu\u00eddo por &#8220;que&#8221;)<\/p>\n\n\n\n<p>Quando for necess\u00e1rio fazer refer\u00eancia a &#8220;tio&#8221;, a sub-frase come\u00e7a com &#8220;kio&#8221;. No exemplo abaixo \u00e9 f\u00e1cil identificar a sub-frase porque ela est\u00e1 intercalada entre v\u00edrgulas. \u00c9 comum em esperanto usar v\u00edrgulas para separar sub-frases. Todos os correlativos que terminam em &#8220;-o&#8221; podem receber a termina\u00e7\u00e3o do acusativo.<\/p>\n\n\n\n<p><strong>Tio, <span style=\"text-decoration: underline;\">kion<\/span> \u015di faris, estas malbona.<br><\/strong>Isso, <span style=\"text-decoration: underline;\">que<\/span> ela fez foi ruim.<\/p>\n\n\n\n<p>Frases com &#8220;kio&#8221; esperam respostas terminadas em &#8220;-o&#8221;, que s\u00e3o no Esperanto a termina\u00e7\u00e3o para substantivos.<\/p>\n\n\n\n<p><strong><span style=\"text-decoration: underline;\">Kio<\/span> li estas? Li estas \u015doforo.<br><\/strong><span style=\"text-decoration: underline;\">O qu\u00ea<\/span> ele \u00e9? Ele \u00e9 chofer.<\/p>\n\n\n\n<p>Senten\u00e7as com &#8220;kia&#8221; esperam respostas terminadas em &#8220;-a&#8221;, que s\u00e3o em Esperanto a termina\u00e7\u00e3o para adjetivos.<\/p>\n\n\n\n<p><strong><span style=\"text-decoration: underline;\">Kia<\/span> estas la hundo? La hundo estas granda kaj bela.<br><\/strong><span style=\"text-decoration: underline;\">Como<\/span> \u00e9 o cachorro? O cachorro \u00e9 grande e bonito.<\/p>\n\n\n\n<p><strong>La a\u016dto estas granda <span style=\"text-decoration: underline;\">kiel<\/span> kamiono.<br><\/strong>O carro \u00e9 grande <span style=\"text-decoration: underline;\">como<\/span> um caminh\u00e3o.<\/p>\n\n\n\n<h2 class=\"wp-block-heading\" id=\"h-direcao\">Dire\u00e7\u00e3o<\/h2>\n\n\n\n<p>Os correlativos terminados em &#8220;e&#8221; (lugar) podem receber o acusativo de dire\u00e7\u00e3o.<\/p>\n\n\n\n<ul class=\"wp-block-list\">\n<li><strong>Kien?<\/strong> &#8211; Para onde?<\/li>\n\n\n\n<li><strong>Tien.<\/strong> &#8211; Para l\u00e1.<\/li>\n<\/ul>\n\n\n\n<h2 class=\"wp-block-heading\" id=\"h-derivacoes-a-partir-dos-correlativos\">Deriva\u00e7\u00f5es a partir dos correlativos<\/h2>\n\n\n\n<p>\u00c9 poss\u00edvel adicionar outras termina\u00e7\u00f5es aos correlativos para criar novas palavras. Um caso \u00fatil \u00e9 &#8220;kialo&#8221;, que simplesmente significa &#8220;raz\u00e3o, motivo&#8221;.<\/p>\n\n\n\n<p>A palavra &#8220;sempre&#8221; com a termina\u00e7\u00e3o de adjetivo passa a significar &#8220;eterno\/a&#8221;: &#8220;\u0109iam \u2192 \u0109iama&#8221;.<\/p>\n\n\n\n<p>Se for necess\u00e1rio qualificar um substantivo com a ideia de que ele est\u00e1 em todo lugar, \u00e9 poss\u00edvel transformar &#8220;\u0109ie&#8221; em adjetivo, gerando &#8220;\u0109iea&#8221;. E se for desejado qualificar um substantivo indicando que nos referimos a um certo tempo, podemos usar &#8220;tiam&#8221; como adjetivo, gerando &#8220;tiama&#8221;:<\/p>\n\n\n\n<p><strong>La <span style=\"text-decoration: underline;\">tiama<\/span> prezidento<br><\/strong>O ent\u00e3o presidente (o presidente daquela \u00e9poca).<\/p>\n\n\n\n<p>Para dizer &#8220;um pouquinho&#8221;, podemos partir de &#8220;iom&#8221; e adicionar o diminutivo &#8220;et&#8221;. Como o resultado \u00e9 um adv\u00e9rbio, usa-se a termina\u00e7\u00e3o adverbial &#8220;e&#8221; (sem esse &#8220;e&#8221;, a palavra ficaria incompleta): &#8220;iom \u2192 iomete&#8221;.<\/p>\n\n\n\n<p>Para perguntar um n\u00famero ordinal, ou seja, a posi\u00e7\u00e3o de algo numa lista, usa-se &#8220;kioma&#8221;. A aplica\u00e7\u00e3o mais comum \u00e9 na pergunta <em><span style=\"text-decoration: underline;\">Kioma<\/span> horo estas?<\/em> (Que horas s\u00e3o?). Em Esperanto, as horas do dia s\u00e3o vistas como uma lista: a primeira hora, a segunda hora, etc. Dessa forma se diferencia uma dura\u00e7\u00e3o (du horoj) de um momento do dia (la dua horo). Como outro exemplo de &#8220;kioma&#8221; pode-se dizer <em><span style=\"text-decoration: underline;\">Kioma<\/span> eta\u011do?<\/em> (Qual andar?).<\/p>\n\n\n\n<h2 class=\"wp-block-heading\" id=\"h-origem-dos-correlativos\">Origem dos correlativos<\/h2>\n\n\n\n<p>\u00c9 pouco conhecido o fato que a ideia destes correlativos n\u00e3o \u00e9 uma inven\u00e7\u00e3o de Zamenhof. Surgiu diretamente da observa\u00e7\u00e3o da lista destas palavras em l\u00ednguas naturais, como em russo. Com efeito, nesta l\u00edngua cheia de declina\u00e7\u00f5es e exce\u00e7\u00f5es, estas palavras s\u00e3o de forma\u00e7\u00e3o extraordinariamente regular. A escolha de Zamenhof se manifestou, assim, na escolha do melhor em cada um dos tr\u00eas grupos de l\u00ednguas indo-europeias (neo-latinas, germ\u00e2nicas e eslavas).<\/p>\n\n\n\n<p>Em russo, a tabela \u00e9 criada a partir dos interrogativos, enquanto em Esperanto ela \u00e9 baseada nos indefinidos, que n\u00e3o t\u00eam prefixo. Nesta l\u00edngua, em cada s\u00e9rie de nove correlativos, quatro dos interrogativos come\u00e7am por &#8220;k&#8221;, sete dos demonstrativos come\u00e7am por &#8220;t&#8221;, oito dos negativos come\u00e7am por &#8220;ni&#8221; e sete dos coletivos come\u00e7am por &#8220;vs&#8221; (que em alfabeto cir\u00edlico se escreve &#8220;bc&#8221;). Os indeterminados obt\u00eam-se juntando &#8220;-to&#8221; aos interrogativos, base do sistema. Eis uma s\u00e9rie: <em>KTO? TOT, NIKTO, VSJAKIJ, KTO-TO<\/em>.<\/p>\n\n\n\n<p>Zamenhof escolheu para os interrogativos o &#8220;k-&#8221; russo que corresponde ao &#8220;q&#8221; ou &#8220;c&#8221; nas l\u00ednguas neo-latinas (como em portugu\u00eas: qual, quanto, como, quando, \u2026) e ao &#8220;wh&#8221; do ingl\u00eas (<em>where, what, when, \u2026<\/em>). Para os demonstrativos, o &#8220;t-&#8221; russo, que corresponde ao &#8220;th&#8221; nos correlativos ingleses (<em>there, that, then, \u2026<\/em>). Para os negativos escolheu o &#8220;ni-&#8221; russo, que corresponde ao &#8220;ne-&#8221; do Esperanto (com um &#8220;-n-&#8221; intercalar para facilitar a pron\u00fancia) e que tamb\u00e9m aparece nas l\u00ednguas neo-latinas (nenhum, ningu\u00e9m, nunca\u2026). J\u00e1 para os coletivos (\u0109) baseou-se na palavra italiana <em>Ciascuno <\/em>que se pronuncia [\u0109iaskuno], na francesa &#8220;<span style=\"text-decoration: underline;\">ch<\/span>aque&#8221;, no &#8220;ea<span style=\"text-decoration: underline;\">ch<\/span>&#8221; ingl\u00eas e no &#8220;<span style=\"text-decoration: underline;\">c<\/span>ada&#8221; portugu\u00eas, enquanto o &#8220;c&#8221; do alfabeto russo \u00e9 relembrado.<\/p>\n\n\n\n<hr class=\"wp-block-separator has-alpha-channel-opacity is-style-dots\"\/>\n\n\n\n<p>Via <a href=\"https:\/\/pt.wikipedia.org\/wiki\/Correlativos_do_esperanto\">Wikipedia<\/a><\/p>\n","protected":false},"excerpt":{"rendered":"<p>Correlativos s\u00e3o palavras que exprimem uma rela\u00e7\u00e3o m\u00fatua e podem ser usadas aos pares. Por exemplo, as palavras usadas para formular quest\u00f5es que exigem respostas espec\u00edficas diferentes de um sim ou n\u00e3o. &#8220;O qu\u00ea?&#8221; exige uma resposta por &#8220;algo&#8221;, &#8220;aquilo&#8221;, &#8220;tudo&#8221; ou &#8220;nada&#8221;. Os pares &#8220;onde\/ ali&#8221;, &#8220;quando\/ sempre&#8221;, &#8220;como\/ assim&#8221; etc, s\u00e3o outros exemplos<\/p>\n","protected":false},"author":1,"featured_media":731,"comment_status":"closed","ping_status":"open","sticky":false,"template":"","format":"standard","meta":{"footnotes":""},"categories":[12],"tags":[37],"class_list":{"0":"post-728","1":"post","2":"type-post","3":"status-publish","4":"format-standard","5":"has-post-thumbnail","7":"category-gramatica","8":"tag-correlativos"},"yoast_head":"<!-- This site is optimized with the Yoast SEO Premium plugin v26.5 (Yoast SEO v27.4) - https:\/\/yoast.com\/product\/yoast-seo-premium-wordpress\/ -->\n<title>Uso dos correlativos do Esperanto &#8226; Aprender Esperanto<\/title>\n<meta name=\"description\" content=\"Correlativos s\u00e3o palavras que exprimem uma rela\u00e7\u00e3o m\u00fatua e podem ser usadas aos pares. Por exemplo, as palavras usadas para formular quest\u00f5es.\" \/>\n<meta name=\"robots\" content=\"index, follow, max-snippet:-1, max-image-preview:large, max-video-preview:-1\" \/>\n<link rel=\"canonical\" href=\"https:\/\/hridiomas.com\/aprender-esperanto\/uso-dos-correlativos-do-esperanto\/\" \/>\n<meta property=\"og:locale\" content=\"pt_BR\" \/>\n<meta property=\"og:type\" content=\"article\" \/>\n<meta property=\"og:title\" content=\"Uso dos correlativos do Esperanto &#8226; Aprender Esperanto\" \/>\n<meta property=\"og:description\" content=\"Correlativos s\u00e3o palavras que exprimem uma rela\u00e7\u00e3o m\u00fatua e podem ser usadas aos pares. Por exemplo, as palavras usadas para formular quest\u00f5es.\" \/>\n<meta property=\"og:url\" content=\"https:\/\/hridiomas.com\/aprender-esperanto\/uso-dos-correlativos-do-esperanto\/\" \/>\n<meta property=\"og:site_name\" content=\"Aprender Esperanto\" \/>\n<meta property=\"article:publisher\" content=\"https:\/\/www.facebook.com\/hridiomas\" \/>\n<meta property=\"article:published_time\" content=\"2017-06-05T04:34:00+00:00\" \/>\n<meta property=\"article:modified_time\" content=\"2025-01-16T18:04:48+00:00\" \/>\n<meta property=\"og:image\" content=\"https:\/\/hridiomas.com\/aprender-esperanto\/wp-content\/uploads\/sites\/12\/2023\/12\/destaque.jpg\" \/>\n\t<meta property=\"og:image:width\" content=\"1920\" \/>\n\t<meta property=\"og:image:height\" content=\"1080\" \/>\n\t<meta property=\"og:image:type\" content=\"image\/jpeg\" \/>\n<meta name=\"author\" content=\"hridiomas\" \/>\n<meta name=\"twitter:card\" content=\"summary_large_image\" \/>\n<meta name=\"twitter:creator\" content=\"@hridiomas\" \/>\n<meta name=\"twitter:site\" content=\"@hridiomas\" \/>\n<meta name=\"twitter:label1\" content=\"Escrito por\" \/>\n\t<meta name=\"twitter:data1\" content=\"hridiomas\" \/>\n\t<meta name=\"twitter:label2\" content=\"Est. tempo de leitura\" \/>\n\t<meta name=\"twitter:data2\" content=\"9 minutos\" \/>\n<script type=\"application\/ld+json\" class=\"yoast-schema-graph\">{\"@context\":\"https:\\\/\\\/schema.org\",\"@graph\":[{\"@type\":\"Article\",\"@id\":\"https:\\\/\\\/hridiomas.com\\\/aprender-esperanto\\\/uso-dos-correlativos-do-esperanto\\\/#article\",\"isPartOf\":{\"@id\":\"https:\\\/\\\/hridiomas.com\\\/aprender-esperanto\\\/uso-dos-correlativos-do-esperanto\\\/\"},\"author\":{\"name\":\"hridiomas\",\"@id\":\"https:\\\/\\\/hridiomas.com\\\/aprender-esperanto\\\/#\\\/schema\\\/person\\\/074f113560c2f5d2d8531b6fb060d851\"},\"headline\":\"Uso dos correlativos do Esperanto\",\"datePublished\":\"2017-06-05T04:34:00+00:00\",\"dateModified\":\"2025-01-16T18:04:48+00:00\",\"mainEntityOfPage\":{\"@id\":\"https:\\\/\\\/hridiomas.com\\\/aprender-esperanto\\\/uso-dos-correlativos-do-esperanto\\\/\"},\"wordCount\":1584,\"publisher\":{\"@id\":\"https:\\\/\\\/hridiomas.com\\\/aprender-esperanto\\\/#organization\"},\"image\":{\"@id\":\"https:\\\/\\\/hridiomas.com\\\/aprender-esperanto\\\/uso-dos-correlativos-do-esperanto\\\/#primaryimage\"},\"thumbnailUrl\":\"https:\\\/\\\/hridiomas.com\\\/aprender-esperanto\\\/wp-content\\\/uploads\\\/sites\\\/12\\\/2023\\\/12\\\/destaque.jpg\",\"keywords\":[\"correlativos\"],\"articleSection\":[\"Gram\u00e1tica\"],\"inLanguage\":\"pt-BR\"},{\"@type\":\"WebPage\",\"@id\":\"https:\\\/\\\/hridiomas.com\\\/aprender-esperanto\\\/uso-dos-correlativos-do-esperanto\\\/\",\"url\":\"https:\\\/\\\/hridiomas.com\\\/aprender-esperanto\\\/uso-dos-correlativos-do-esperanto\\\/\",\"name\":\"Uso dos correlativos do Esperanto &#8226; Aprender Esperanto\",\"isPartOf\":{\"@id\":\"https:\\\/\\\/hridiomas.com\\\/aprender-esperanto\\\/#website\"},\"primaryImageOfPage\":{\"@id\":\"https:\\\/\\\/hridiomas.com\\\/aprender-esperanto\\\/uso-dos-correlativos-do-esperanto\\\/#primaryimage\"},\"image\":{\"@id\":\"https:\\\/\\\/hridiomas.com\\\/aprender-esperanto\\\/uso-dos-correlativos-do-esperanto\\\/#primaryimage\"},\"thumbnailUrl\":\"https:\\\/\\\/hridiomas.com\\\/aprender-esperanto\\\/wp-content\\\/uploads\\\/sites\\\/12\\\/2023\\\/12\\\/destaque.jpg\",\"datePublished\":\"2017-06-05T04:34:00+00:00\",\"dateModified\":\"2025-01-16T18:04:48+00:00\",\"description\":\"Correlativos s\u00e3o palavras que exprimem uma rela\u00e7\u00e3o m\u00fatua e podem ser usadas aos pares. Por exemplo, as palavras usadas para formular quest\u00f5es.\",\"breadcrumb\":{\"@id\":\"https:\\\/\\\/hridiomas.com\\\/aprender-esperanto\\\/uso-dos-correlativos-do-esperanto\\\/#breadcrumb\"},\"inLanguage\":\"pt-BR\",\"potentialAction\":[{\"@type\":\"ReadAction\",\"target\":[\"https:\\\/\\\/hridiomas.com\\\/aprender-esperanto\\\/uso-dos-correlativos-do-esperanto\\\/\"]}]},{\"@type\":\"ImageObject\",\"inLanguage\":\"pt-BR\",\"@id\":\"https:\\\/\\\/hridiomas.com\\\/aprender-esperanto\\\/uso-dos-correlativos-do-esperanto\\\/#primaryimage\",\"url\":\"https:\\\/\\\/hridiomas.com\\\/aprender-esperanto\\\/wp-content\\\/uploads\\\/sites\\\/12\\\/2023\\\/12\\\/destaque.jpg\",\"contentUrl\":\"https:\\\/\\\/hridiomas.com\\\/aprender-esperanto\\\/wp-content\\\/uploads\\\/sites\\\/12\\\/2023\\\/12\\\/destaque.jpg\",\"width\":1920,\"height\":1080},{\"@type\":\"BreadcrumbList\",\"@id\":\"https:\\\/\\\/hridiomas.com\\\/aprender-esperanto\\\/uso-dos-correlativos-do-esperanto\\\/#breadcrumb\",\"itemListElement\":[{\"@type\":\"ListItem\",\"position\":1,\"name\":\"In\u00edcio\",\"item\":\"https:\\\/\\\/hridiomas.com\\\/aprender-esperanto\\\/\"},{\"@type\":\"ListItem\",\"position\":2,\"name\":\"Uso dos correlativos do Esperanto\"}]},{\"@type\":\"WebSite\",\"@id\":\"https:\\\/\\\/hridiomas.com\\\/aprender-esperanto\\\/#website\",\"url\":\"https:\\\/\\\/hridiomas.com\\\/aprender-esperanto\\\/\",\"name\":\"Aprender Esperanto\",\"description\":\"Dicas para aprender esperanto\",\"publisher\":{\"@id\":\"https:\\\/\\\/hridiomas.com\\\/aprender-esperanto\\\/#organization\"},\"potentialAction\":[{\"@type\":\"SearchAction\",\"target\":{\"@type\":\"EntryPoint\",\"urlTemplate\":\"https:\\\/\\\/hridiomas.com\\\/aprender-esperanto\\\/?s={search_term_string}\"},\"query-input\":{\"@type\":\"PropertyValueSpecification\",\"valueRequired\":true,\"valueName\":\"search_term_string\"}}],\"inLanguage\":\"pt-BR\"},{\"@type\":\"Organization\",\"@id\":\"https:\\\/\\\/hridiomas.com\\\/aprender-esperanto\\\/#organization\",\"name\":\"HR idiomas\",\"url\":\"https:\\\/\\\/hridiomas.com\\\/aprender-esperanto\\\/\",\"logo\":{\"@type\":\"ImageObject\",\"inLanguage\":\"pt-BR\",\"@id\":\"https:\\\/\\\/hridiomas.com\\\/aprender-esperanto\\\/#\\\/schema\\\/logo\\\/image\\\/\",\"url\":\"\",\"contentUrl\":\"\",\"caption\":\"HR idiomas\"},\"image\":{\"@id\":\"https:\\\/\\\/hridiomas.com\\\/aprender-esperanto\\\/#\\\/schema\\\/logo\\\/image\\\/\"},\"sameAs\":[\"https:\\\/\\\/www.facebook.com\\\/hridiomas\",\"https:\\\/\\\/x.com\\\/hridiomas\",\"https:\\\/\\\/www.instagram.com\\\/hridiomas\",\"https:\\\/\\\/www.linkedin.com\\\/company\\\/2678452\",\"https:\\\/\\\/www.youtube.com\\\/c\\\/HridiomasBr\"]},{\"@type\":\"Person\",\"@id\":\"https:\\\/\\\/hridiomas.com\\\/aprender-esperanto\\\/#\\\/schema\\\/person\\\/074f113560c2f5d2d8531b6fb060d851\",\"name\":\"hridiomas\",\"image\":{\"@type\":\"ImageObject\",\"inLanguage\":\"pt-BR\",\"@id\":\"https:\\\/\\\/hridiomas.com\\\/aprender-esperanto\\\/wp-content\\\/litespeed\\\/avatar\\\/12\\\/fb2620c0c0ccd633ad511be1feb4af56.jpg?ver=1776996672\",\"url\":\"https:\\\/\\\/hridiomas.com\\\/aprender-esperanto\\\/wp-content\\\/litespeed\\\/avatar\\\/12\\\/fb2620c0c0ccd633ad511be1feb4af56.jpg?ver=1776996672\",\"contentUrl\":\"https:\\\/\\\/hridiomas.com\\\/aprender-esperanto\\\/wp-content\\\/litespeed\\\/avatar\\\/12\\\/fb2620c0c0ccd633ad511be1feb4af56.jpg?ver=1776996672\",\"caption\":\"hridiomas\"}}]}<\/script>\n<!-- \/ Yoast SEO Premium plugin. -->","yoast_head_json":{"title":"Uso dos correlativos do Esperanto &#8226; Aprender Esperanto","description":"Correlativos s\u00e3o palavras que exprimem uma rela\u00e7\u00e3o m\u00fatua e podem ser usadas aos pares. Por exemplo, as palavras usadas para formular quest\u00f5es.","robots":{"index":"index","follow":"follow","max-snippet":"max-snippet:-1","max-image-preview":"max-image-preview:large","max-video-preview":"max-video-preview:-1"},"canonical":"https:\/\/hridiomas.com\/aprender-esperanto\/uso-dos-correlativos-do-esperanto\/","og_locale":"pt_BR","og_type":"article","og_title":"Uso dos correlativos do Esperanto &#8226; Aprender Esperanto","og_description":"Correlativos s\u00e3o palavras que exprimem uma rela\u00e7\u00e3o m\u00fatua e podem ser usadas aos pares. Por exemplo, as palavras usadas para formular quest\u00f5es.","og_url":"https:\/\/hridiomas.com\/aprender-esperanto\/uso-dos-correlativos-do-esperanto\/","og_site_name":"Aprender Esperanto","article_publisher":"https:\/\/www.facebook.com\/hridiomas","article_published_time":"2017-06-05T04:34:00+00:00","article_modified_time":"2025-01-16T18:04:48+00:00","og_image":[{"width":1920,"height":1080,"url":"https:\/\/hridiomas.com\/aprender-esperanto\/wp-content\/uploads\/sites\/12\/2023\/12\/destaque.jpg","type":"image\/jpeg"}],"author":"hridiomas","twitter_card":"summary_large_image","twitter_creator":"@hridiomas","twitter_site":"@hridiomas","twitter_misc":{"Escrito por":"hridiomas","Est. tempo de leitura":"9 minutos"},"schema":{"@context":"https:\/\/schema.org","@graph":[{"@type":"Article","@id":"https:\/\/hridiomas.com\/aprender-esperanto\/uso-dos-correlativos-do-esperanto\/#article","isPartOf":{"@id":"https:\/\/hridiomas.com\/aprender-esperanto\/uso-dos-correlativos-do-esperanto\/"},"author":{"name":"hridiomas","@id":"https:\/\/hridiomas.com\/aprender-esperanto\/#\/schema\/person\/074f113560c2f5d2d8531b6fb060d851"},"headline":"Uso dos correlativos do Esperanto","datePublished":"2017-06-05T04:34:00+00:00","dateModified":"2025-01-16T18:04:48+00:00","mainEntityOfPage":{"@id":"https:\/\/hridiomas.com\/aprender-esperanto\/uso-dos-correlativos-do-esperanto\/"},"wordCount":1584,"publisher":{"@id":"https:\/\/hridiomas.com\/aprender-esperanto\/#organization"},"image":{"@id":"https:\/\/hridiomas.com\/aprender-esperanto\/uso-dos-correlativos-do-esperanto\/#primaryimage"},"thumbnailUrl":"https:\/\/hridiomas.com\/aprender-esperanto\/wp-content\/uploads\/sites\/12\/2023\/12\/destaque.jpg","keywords":["correlativos"],"articleSection":["Gram\u00e1tica"],"inLanguage":"pt-BR"},{"@type":"WebPage","@id":"https:\/\/hridiomas.com\/aprender-esperanto\/uso-dos-correlativos-do-esperanto\/","url":"https:\/\/hridiomas.com\/aprender-esperanto\/uso-dos-correlativos-do-esperanto\/","name":"Uso dos correlativos do Esperanto &#8226; Aprender Esperanto","isPartOf":{"@id":"https:\/\/hridiomas.com\/aprender-esperanto\/#website"},"primaryImageOfPage":{"@id":"https:\/\/hridiomas.com\/aprender-esperanto\/uso-dos-correlativos-do-esperanto\/#primaryimage"},"image":{"@id":"https:\/\/hridiomas.com\/aprender-esperanto\/uso-dos-correlativos-do-esperanto\/#primaryimage"},"thumbnailUrl":"https:\/\/hridiomas.com\/aprender-esperanto\/wp-content\/uploads\/sites\/12\/2023\/12\/destaque.jpg","datePublished":"2017-06-05T04:34:00+00:00","dateModified":"2025-01-16T18:04:48+00:00","description":"Correlativos s\u00e3o palavras que exprimem uma rela\u00e7\u00e3o m\u00fatua e podem ser usadas aos pares. Por exemplo, as palavras usadas para formular quest\u00f5es.","breadcrumb":{"@id":"https:\/\/hridiomas.com\/aprender-esperanto\/uso-dos-correlativos-do-esperanto\/#breadcrumb"},"inLanguage":"pt-BR","potentialAction":[{"@type":"ReadAction","target":["https:\/\/hridiomas.com\/aprender-esperanto\/uso-dos-correlativos-do-esperanto\/"]}]},{"@type":"ImageObject","inLanguage":"pt-BR","@id":"https:\/\/hridiomas.com\/aprender-esperanto\/uso-dos-correlativos-do-esperanto\/#primaryimage","url":"https:\/\/hridiomas.com\/aprender-esperanto\/wp-content\/uploads\/sites\/12\/2023\/12\/destaque.jpg","contentUrl":"https:\/\/hridiomas.com\/aprender-esperanto\/wp-content\/uploads\/sites\/12\/2023\/12\/destaque.jpg","width":1920,"height":1080},{"@type":"BreadcrumbList","@id":"https:\/\/hridiomas.com\/aprender-esperanto\/uso-dos-correlativos-do-esperanto\/#breadcrumb","itemListElement":[{"@type":"ListItem","position":1,"name":"In\u00edcio","item":"https:\/\/hridiomas.com\/aprender-esperanto\/"},{"@type":"ListItem","position":2,"name":"Uso dos correlativos do Esperanto"}]},{"@type":"WebSite","@id":"https:\/\/hridiomas.com\/aprender-esperanto\/#website","url":"https:\/\/hridiomas.com\/aprender-esperanto\/","name":"Aprender Esperanto","description":"Dicas para aprender esperanto","publisher":{"@id":"https:\/\/hridiomas.com\/aprender-esperanto\/#organization"},"potentialAction":[{"@type":"SearchAction","target":{"@type":"EntryPoint","urlTemplate":"https:\/\/hridiomas.com\/aprender-esperanto\/?s={search_term_string}"},"query-input":{"@type":"PropertyValueSpecification","valueRequired":true,"valueName":"search_term_string"}}],"inLanguage":"pt-BR"},{"@type":"Organization","@id":"https:\/\/hridiomas.com\/aprender-esperanto\/#organization","name":"HR idiomas","url":"https:\/\/hridiomas.com\/aprender-esperanto\/","logo":{"@type":"ImageObject","inLanguage":"pt-BR","@id":"https:\/\/hridiomas.com\/aprender-esperanto\/#\/schema\/logo\/image\/","url":"","contentUrl":"","caption":"HR idiomas"},"image":{"@id":"https:\/\/hridiomas.com\/aprender-esperanto\/#\/schema\/logo\/image\/"},"sameAs":["https:\/\/www.facebook.com\/hridiomas","https:\/\/x.com\/hridiomas","https:\/\/www.instagram.com\/hridiomas","https:\/\/www.linkedin.com\/company\/2678452","https:\/\/www.youtube.com\/c\/HridiomasBr"]},{"@type":"Person","@id":"https:\/\/hridiomas.com\/aprender-esperanto\/#\/schema\/person\/074f113560c2f5d2d8531b6fb060d851","name":"hridiomas","image":{"@type":"ImageObject","inLanguage":"pt-BR","@id":"https:\/\/hridiomas.com\/aprender-esperanto\/wp-content\/litespeed\/avatar\/12\/fb2620c0c0ccd633ad511be1feb4af56.jpg?ver=1776996672","url":"https:\/\/hridiomas.com\/aprender-esperanto\/wp-content\/litespeed\/avatar\/12\/fb2620c0c0ccd633ad511be1feb4af56.jpg?ver=1776996672","contentUrl":"https:\/\/hridiomas.com\/aprender-esperanto\/wp-content\/litespeed\/avatar\/12\/fb2620c0c0ccd633ad511be1feb4af56.jpg?ver=1776996672","caption":"hridiomas"}}]}},"_links":{"self":[{"href":"https:\/\/hridiomas.com\/aprender-esperanto\/wp-json\/wp\/v2\/posts\/728","targetHints":{"allow":["GET"]}}],"collection":[{"href":"https:\/\/hridiomas.com\/aprender-esperanto\/wp-json\/wp\/v2\/posts"}],"about":[{"href":"https:\/\/hridiomas.com\/aprender-esperanto\/wp-json\/wp\/v2\/types\/post"}],"author":[{"embeddable":true,"href":"https:\/\/hridiomas.com\/aprender-esperanto\/wp-json\/wp\/v2\/users\/1"}],"replies":[{"embeddable":true,"href":"https:\/\/hridiomas.com\/aprender-esperanto\/wp-json\/wp\/v2\/comments?post=728"}],"version-history":[{"count":0,"href":"https:\/\/hridiomas.com\/aprender-esperanto\/wp-json\/wp\/v2\/posts\/728\/revisions"}],"wp:featuredmedia":[{"embeddable":true,"href":"https:\/\/hridiomas.com\/aprender-esperanto\/wp-json\/wp\/v2\/media\/731"}],"wp:attachment":[{"href":"https:\/\/hridiomas.com\/aprender-esperanto\/wp-json\/wp\/v2\/media?parent=728"}],"wp:term":[{"taxonomy":"category","embeddable":true,"href":"https:\/\/hridiomas.com\/aprender-esperanto\/wp-json\/wp\/v2\/categories?post=728"},{"taxonomy":"post_tag","embeddable":true,"href":"https:\/\/hridiomas.com\/aprender-esperanto\/wp-json\/wp\/v2\/tags?post=728"}],"curies":[{"name":"wp","href":"https:\/\/api.w.org\/{rel}","templated":true}]}}