{"id":208,"date":"2016-05-26T19:19:00","date_gmt":"2016-05-26T22:19:00","guid":{"rendered":"https:\/\/hridiomas.com\/aprender-esperanto\/?p=208"},"modified":"2025-01-19T15:13:04","modified_gmt":"2025-01-19T18:13:04","slug":"uso-dos-numerais-no-esperanto","status":"publish","type":"post","link":"https:\/\/hridiomas.com\/aprender-esperanto\/uso-dos-numerais-no-esperanto\/","title":{"rendered":"Uso dos Numerais no Esperanto"},"content":{"rendered":"\n<p>A palavra utilizada para quantificar uma ideia \u00e9 o numeral. Esta palavra \u00e9 utilizada para distribuir as ideias em quantidades, representado-as na forma dessas palavras.<\/p>\n\n\n\n<p>Os numerais b\u00e1sicos em Esperanto s\u00e3o:<\/p>\n\n\n\n<ul class=\"wp-block-list\">\n<li>1 &#8211; <span style=\"text-decoration: underline;\">u<\/span>nu<\/li>\n\n\n\n<li>2 &#8211; d<span style=\"text-decoration: underline;\">u<\/span><\/li>\n\n\n\n<li>3 &#8211; tr<span style=\"text-decoration: underline;\">i<\/span><\/li>\n\n\n\n<li>4 &#8211; kv<span style=\"text-decoration: underline;\">a<\/span>r<\/li>\n\n\n\n<li>5 &#8211; kv<span style=\"text-decoration: underline;\">i<\/span>n<\/li>\n\n\n\n<li>6 &#8211; s<span style=\"text-decoration: underline;\">e<\/span>s<\/li>\n\n\n\n<li>7 &#8211; s<span style=\"text-decoration: underline;\">e<\/span>p<\/li>\n\n\n\n<li>8 &#8211; <span style=\"text-decoration: underline;\">o<\/span>k<\/li>\n\n\n\n<li>9 &#8211; na\u016d<\/li>\n\n\n\n<li>10 &#8211; d<span style=\"text-decoration: underline;\">e<\/span>k<\/li>\n\n\n\n<li>100 &#8211; c<span style=\"text-decoration: underline;\">e<\/span>nt<\/li>\n\n\n\n<li>1000 &#8211; m<span style=\"text-decoration: underline;\">i<\/span>l<\/li>\n<\/ul>\n\n\n\n<p>Estes n\u00fameros <span style=\"text-decoration: underline;\">n\u00e3o variam<\/span>, ou seja, n\u00e3o sofrem mudan\u00e7as. S\u00e3o escritos sempre da mesma forma.<\/p>\n\n\n\n<p>Os n\u00fameros que v\u00eam ap\u00f3s o dez na sequ\u00eancia (onze, doze, treze, etc.) s\u00e3o representados, em portugu\u00eas, por palavras diferentes, mas em Esperanto, basta acrescentar um n\u00famero ao dez, cuja soma resulta no valor desejado, como nos exemplos abaixo:<\/p>\n\n\n\n<ul class=\"wp-block-list\">\n<li>11 &#8211; D<span style=\"text-decoration: underline;\">e<\/span>k <span style=\"text-decoration: underline;\">u<\/span>nu (d<span style=\"text-decoration: underline;\">e<\/span>k + <span style=\"text-decoration: underline;\">u<\/span>nu)<\/li>\n\n\n\n<li>12 &#8211; D<span style=\"text-decoration: underline;\">e<\/span>k d<span style=\"text-decoration: underline;\">u<\/span>\u00a0(d<span style=\"text-decoration: underline;\">e<\/span>k + d<span style=\"text-decoration: underline;\">u<\/span>)<\/li>\n\n\n\n<li>13 &#8211; D<span style=\"text-decoration: underline;\">e<\/span>k tr<span style=\"text-decoration: underline;\">i<\/span>\u00a0(d<span style=\"text-decoration: underline;\">e<\/span>k + tr<span style=\"text-decoration: underline;\">i<\/span>)<\/li>\n\n\n\n<li>14 &#8211; D<span style=\"text-decoration: underline;\">e<\/span>k kv<span style=\"text-decoration: underline;\">a<\/span>r\u00a0(d<span style=\"text-decoration: underline;\">e<\/span>k + kv<span style=\"text-decoration: underline;\">a<\/span>r)<\/li>\n<\/ul>\n\n\n\n<p>Para escrever dezenas maiores que dez (vinte, trinta, etc.), junte o n\u00famero que multiplica a dezena, colocando antes da palavra&nbsp;D<span style=\"text-decoration: underline;\">E<\/span>K (dez):<\/p>\n\n\n\n<ul class=\"wp-block-list\">\n<li>20 \u2013 D<span style=\"text-decoration: underline;\">u<\/span>dek\u00a0(du x d<span style=\"text-decoration: underline;\">e<\/span>k)<\/li>\n\n\n\n<li>30 \u2013\u00a0Tr<span style=\"text-decoration: underline;\">i<\/span>dek\u00a0(tri\u00a0x d<span style=\"text-decoration: underline;\">e<\/span>k)<\/li>\n<\/ul>\n\n\n\n<p class=\"has-very-light-gray-background-color has-background\">A pron\u00fancia destes n\u00fameros n\u00e3o \u00e9 *Dud<span style=\"text-decoration: underline;\">e<\/span>k, *Trid<span style=\"text-decoration: underline;\">e<\/span>k mas sim D<span style=\"text-decoration: underline;\">u<\/span>dek, Tr<span style=\"text-decoration: underline;\">i<\/span>dek, com acento t\u00f4nico sempre na pen\u00faltima s\u00edlaba.<\/p>\n\n\n\n<p>Em um n\u00famero como 59, por exemplo, dever\u00e3o ser feitas as duas opera\u00e7\u00f5es vistas acima, visto que a l\u00f3gica \u00e9 utilizada:<\/p>\n\n\n\n<ul class=\"wp-block-list\">\n<li>59 \u2013 Kv<span style=\"text-decoration: underline;\">i<\/span>ndek n<span style=\"text-decoration: underline;\">a<\/span>\u016d (kvin x dek + na\u016d) \/ (kvindek +\u00a0na\u016d)<\/li>\n<\/ul>\n\n\n\n<p>O n\u00famero zero (0), em Esperanto, \u00e9 N<span style=\"text-decoration: underline;\">U<\/span>LO.<\/p>\n\n\n\n<h2 class=\"wp-block-heading\" id=\"h-cem\">Cem<\/h2>\n\n\n\n<p>Para representar n\u00fameros seguintes ao n\u00famero cem na sequ\u00eancia (cento e um, cento e dois, etc.) os quais, em portugu\u00eas, s\u00e3o representados por palavras diferentes, fazemos o mesmo para os n\u00fameros imediatamente ap\u00f3s o dez: basta colocar o n\u00famero que ser\u00e1 somado com cem logo em seguida, como nos exemplos abaixo:<\/p>\n\n\n\n<ul class=\"wp-block-list\">\n<li>101 \u2013 C<span style=\"text-decoration: underline;\">e<\/span>nt\u00a0<span style=\"text-decoration: underline;\">u<\/span>nu\u00a0(c<span style=\"text-decoration: underline;\">e<\/span>nt + <span style=\"text-decoration: underline;\">u<\/span>nu)<\/li>\n\n\n\n<li>102 \u2013\u00a0C<span style=\"text-decoration: underline;\">e<\/span>nt\u00a0d<span style=\"text-decoration: underline;\">u<\/span>\u00a0(c<span style=\"text-decoration: underline;\">e<\/span>nt + d<span style=\"text-decoration: underline;\">u<\/span>)<\/li>\n\n\n\n<li>105 \u2013\u00a0C<span style=\"text-decoration: underline;\">e<\/span>nt\u00a0kv<span style=\"text-decoration: underline;\">i<\/span>n\u00a0(c<span style=\"text-decoration: underline;\">e<\/span>nt + kv<span style=\"text-decoration: underline;\">i<\/span>n)<\/li>\n<\/ul>\n\n\n\n<p>Da mesma forma, para escrever dezenas maiores que cem (duzentos, trezentos, etc.), junte o n\u00famero que multiplica a centena, colocando antes da palavra\u00a0&#8220;c<span style=\"text-decoration: underline;\">e<\/span>nt&#8221;:<\/p>\n\n\n\n<ul class=\"wp-block-list\">\n<li>200 \u2013\u00a0D<span style=\"text-decoration: underline;\">u<\/span>\u00a0c<span style=\"text-decoration: underline;\">e<\/span>nt\u00a0(d<span style=\"text-decoration: underline;\">u<\/span> x c<span style=\"text-decoration: underline;\">e<\/span>nt)<\/li>\n\n\n\n<li>300 \u2013\u00a0Tr<span style=\"text-decoration: underline;\">i<\/span>\u00a0c<span style=\"text-decoration: underline;\">e<\/span>nt\u00a0(tr<span style=\"text-decoration: underline;\">i<\/span>\u00a0x c<span style=\"text-decoration: underline;\">e<\/span>nt)<\/li>\n<\/ul>\n\n\n\n<p class=\"has-very-light-gray-background-color has-background\">A pron\u00fancia desdes n\u00fameros n\u00e3o \u00e9 *Duc<span style=\"text-decoration: underline;\">e<\/span>nt, *Tric<span style=\"text-decoration: underline;\">e<\/span>nt mas sim D<span style=\"text-decoration: underline;\">u<\/span>cent, Tr<span style=\"text-decoration: underline;\">i<\/span>cent, com acento t\u00f4nico sempre na pen\u00faltima s\u00edlaba.<\/p>\n\n\n\n<h2 class=\"wp-block-heading\" id=\"h-mil\">Mil<\/h2>\n\n\n\n<p>Em geral, escrevamos n\u00fameros maiores que mil separando-os por um ponto ap\u00f3s o n\u00famero que representa o milhar. Por exemplo: 1.978 (Mil novecentos e setenta e oito)<\/p>\n\n\n\n<p>Eis a dica para escrever n\u00fameros maiores do que &#8220;m<span style=\"text-decoration: underline;\">i<\/span>l&#8221;, em Esperanto: o n\u00famero\u00a0&#8220;m<span style=\"text-decoration: underline;\">i<\/span>l&#8221; \u00e9 escrito separado dos demais, como se fosse o ponto que separa os milhares:<\/p>\n\n\n\n<ul class=\"wp-block-list\">\n<li>1.978 \u2013\u00a0M<span style=\"text-decoration: underline;\">i<\/span>l\u00a0n<span style=\"text-decoration: underline;\">a<\/span>\u016dcent s<span style=\"text-decoration: underline;\">e<\/span>pdek\u00a0<span style=\"text-decoration: underline;\">o<\/span>k<\/li>\n<\/ul>\n\n\n\n<p>Para escrever n\u00famero como 2.000 (dois mil), 13.000 (treze mil), 50.000 (cinquenta mil), 200.000 (duzentos mil) e outros, basta separ\u00e1-los como faz este ponto nos algarismos. Em seu lugar, deve ser escrita a palavra&nbsp;M<span style=\"text-decoration: underline;\">I<\/span>L:<\/p>\n\n\n\n<ul class=\"wp-block-list\">\n<li>2.000 \u2013\u00a0D<span style=\"text-decoration: underline;\">u<\/span>\u00a0m<span style=\"text-decoration: underline;\">i<\/span>l\u00a0(d<span style=\"text-decoration: underline;\">u<\/span>+ m<span style=\"text-decoration: underline;\">i<\/span>l)<\/li>\n\n\n\n<li>13.000 \u2013\u00a0D<span style=\"text-decoration: underline;\">e<\/span>k\u00a0tr<span style=\"text-decoration: underline;\">i<\/span>\u00a0m<span style=\"text-decoration: underline;\">i<\/span>l\u00a0(d<span style=\"text-decoration: underline;\">e<\/span>k\u00a0+\u00a0tr<span style=\"text-decoration: underline;\">i<\/span>\u00a0+ m<span style=\"text-decoration: underline;\">i<\/span>l)<\/li>\n\n\n\n<li>50.000 \u2013 Kv<span style=\"text-decoration: underline;\">i<\/span>ncent m<span style=\"text-decoration: underline;\">i<\/span>l\u00a0(kv<span style=\"text-decoration: underline;\">i<\/span>n\u00a0x d<span style=\"text-decoration: underline;\">e<\/span>k\u00a0+ m<span style=\"text-decoration: underline;\">i<\/span>l)<\/li>\n\n\n\n<li>200.000 \u2013 D<span style=\"text-decoration: underline;\">u<\/span>cent\u00a0m<span style=\"text-decoration: underline;\">i<\/span>l\u00a0(d<span style=\"text-decoration: underline;\">u<\/span> x c<span style=\"text-decoration: underline;\">e<\/span>nt + m<span style=\"text-decoration: underline;\">i<\/span>l)<\/li>\n<\/ul>\n\n\n\n<h2 class=\"wp-block-heading\" id=\"h-numeros-cardinais\">N\u00fameros Cardinais<\/h2>\n\n\n\n<p>Em portugu\u00eas, as palavras que usadas para expressar os n\u00fameros em uma ordem (ordinais), em geral, s\u00e3o completamente diferentes dos n\u00fameros b\u00e1sicos, usadas para expressar quantidades (cardinais). Neste caso, eles podem ser usados, inclusive, no masculino e no feminino:<\/p>\n\n\n\n<p>1 \u2013 Um \/ 1\u00ba Primeiro \/ 1\u00aa Primeira<\/p>\n\n\n\n<p>2 \u2013 Dois \/ 2\u00ba Segundo \/ 2\u00aa Segunda<\/p>\n\n\n\n<p>3 \u2013 Tr\u00eas \/ 3\u00ba Terceiro \/ 3\u00aa Terceira<\/p>\n\n\n\n<p>Em Esperanto, para formar os n\u00fameros em uma sequ\u00eancia (ordinais), basta colocar a letra A junto do n\u00famero correspondente:<\/p>\n\n\n\n<ul class=\"wp-block-list\">\n<li>1 \u2013\u00a0<span style=\"text-decoration: underline;\">U<\/span>nu \/ 1\u00ba Un<span style=\"text-decoration: underline;\">u<\/span>a\u00a0\/ 1\u00aa Un<span style=\"text-decoration: underline;\">u<\/span>a<\/li>\n\n\n\n<li>2 \u2013 D<span style=\"text-decoration: underline;\">u<\/span>\u00a0\/ 2\u00ba D<span style=\"text-decoration: underline;\">u<\/span>a\u00a0\/ 2\u00aa D<span style=\"text-decoration: underline;\">u<\/span>a<\/li>\n\n\n\n<li>3 \u2013 Tr<span style=\"text-decoration: underline;\">i<\/span>\u00a0\/ 3\u00ba Tr<span style=\"text-decoration: underline;\">i<\/span>a\u00a0\/ 3\u00aa Tr<span style=\"text-decoration: underline;\">i<\/span>a<\/li>\n<\/ul>\n\n\n\n<p>A letra &#8220;a&#8221; que vem depois dos numerais b\u00e1sicos \u00e9 a mesma que vem no final das\u00a0<a href=\"https:\/\/hridiomas.com\/aprender-esperanto\/uso-dos-adjetivos-no-esperanto\/\">palavras que qualificam as ideias (adjetivo)<\/a>. Desse modo, a ordem num\u00e9rica nada mais \u00e9 do que uma caracter\u00edstica do n\u00famero.<\/p>\n\n\n\n<p>Em Esperanto, n\u00e3o h\u00e1 g\u00eaneros. A raiz representa uma ideia. Portanto, os n\u00fameros ordinais escritos em palavras masculinas ou femininas em Esperanto, s\u00e3o os mesmo. O que prevalece \u00e9 a fun\u00e7\u00e3o que a raiz exerce quando est\u00e1 em uma classe de palavras.<\/p>\n\n\n\n<p>Desse modo, uma express\u00e3o como Un<span style=\"text-decoration: underline;\">u<\/span>a L<span style=\"text-decoration: underline;\">i<\/span>bro, representa &#8220;L<span style=\"text-decoration: underline;\">i<\/span>bro&#8221; (libro) em uma ordem num\u00e9rica. N\u00e3o \u00e9 necess\u00e1rio saber se &#8220;L<span style=\"text-decoration: underline;\">i<\/span>bro&#8221; \u00e9 masculino ou feminino, em Esperanto. A palavra que termina com a letra &#8220;a&#8221; tem a fun\u00e7\u00e3o de caracteriz\u00e1-la. Nesse caso, a palavra &#8220;Un<span style=\"text-decoration: underline;\">u<\/span>a&#8221; poderia ser usada tamb\u00e9m junto a nome que, em portugu\u00eas, seria feminino.<\/p>\n\n\n\n<p>Como essa palavra termina com &#8220;a&#8221;, ela\u00a0admite <a href=\"https:\/\/hridiomas.com\/aprender-esperanto\/uso-dos-substantivos-no-esperanto\/\">plural<\/a> (letra j)\u00a0no final dela:<\/p>\n\n\n\n<p>Un<span style=\"text-decoration: underline;\">u<\/span>a L<span style=\"text-decoration: underline;\">i<\/span>broj \u2013 Primeiros livros<\/p>\n\n\n\n<p class=\"has-very-light-gray-background-color has-background\">Podemos formar adjetivos a partir dos numerais b\u00e1sicos, assim como podemos formar a partir deles quaisquer classes de palavras. Exemplos:<\/p>\n\n\n\n<p>Un<span style=\"text-decoration: underline;\">u<\/span>o \u2013 unidade \/ D<span style=\"text-decoration: underline;\">e<\/span>ko \u2013 dezena \/ C<span style=\"text-decoration: underline;\">e<\/span>nto \u2013 centena \/ M<span style=\"text-decoration: underline;\">i<\/span>lo \u2013 milhar.<\/p>\n\n\n\n<h2 class=\"wp-block-heading\" id=\"h-outros-tipos-de-numerais\">Outros tipos de numerais<\/h2>\n\n\n\n<h3 class=\"wp-block-heading\" id=\"h-multiplicativos\">Multiplicativos<\/h3>\n\n\n\n<p>Para representar n\u00fameros\u00a0multiplicativos\u00a0(duplo, triplo, etc.), colocamos o sufixo OBL, intercalado entre o numeral e a vogal da classe de palavra:<\/p>\n\n\n\n<ul class=\"wp-block-list\">\n<li>Du<span style=\"text-decoration: underline;\">o<\/span>blo \u2013 dobro \/ Du<span style=\"text-decoration: underline;\">o<\/span>bla \u2013 duplo, dupla<\/li>\n\n\n\n<li>Tri<span style=\"text-decoration: underline;\">o<\/span>blo \u2013 triplo \/ Tri<span style=\"text-decoration: underline;\">o<\/span>bla \u2013 triplo, tripla<\/li>\n<\/ul>\n\n\n\n<h3 class=\"wp-block-heading\" id=\"h-fracionarios\">Fracion\u00e1rios<\/h3>\n\n\n\n<p>Para representar n\u00fameros\u00a0fracion\u00e1rios, ou fra\u00e7\u00f5es (meio, metade, ter\u00e7o, etc.), colocamos o sufixo &#8220;<span style=\"text-decoration: underline;\">o<\/span>n&#8221;, intercalado entre o numeral e a vogal da classe de palavra:<\/p>\n\n\n\n<ul class=\"wp-block-list\">\n<li>Du<span style=\"text-decoration: underline;\">o<\/span>no \u2013 meio (metade) \/ Du<span style=\"text-decoration: underline;\">o<\/span>na \u2013 meio, meia<\/li>\n\n\n\n<li>Tri<span style=\"text-decoration: underline;\">o<\/span>no \u2013 ter\u00e7o \/ Tri<span style=\"text-decoration: underline;\">o<\/span>na \u2013 ter\u00e7o, ter\u00e7a<\/li>\n<\/ul>\n\n\n\n<h3 class=\"wp-block-heading\" id=\"h-coletivos\">Coletivos<\/h3>\n\n\n\n<p>Para representar n\u00fameros coletivos, que representam agrupamentos (dupla, grupo de dois, trio, grupo de tr\u00eas, etc.), colocamos o sufixo &#8220;<span style=\"text-decoration: underline;\">o<\/span>p&#8221;, intercalado entre o numeral e a vogal da classe de palavra:<\/p>\n\n\n\n<ul class=\"wp-block-list\">\n<li>Du<span style=\"text-decoration: underline;\">o<\/span>po \u2013 dupla (grupo de dois) \/ Du<span style=\"text-decoration: underline;\">o<\/span>pa \u2013 algo disposto em um grupo de dois.<\/li>\n\n\n\n<li>Tri<span style=\"text-decoration: underline;\">o<\/span>po \u2013 trio (grupo de tr\u00eas) \/ Tri<span style=\"text-decoration: underline;\">o<\/span>pa \u2013 algo disposto em um grupo de tr\u00eas.<\/li>\n<\/ul>\n\n\n\n<h3 class=\"wp-block-heading\">Distributivos<\/h3>\n\n\n\n<p>Para representar n\u00fameros\u00a0distributivos, colocamos a palavra &#8220;p<span style=\"text-decoration: underline;\">o<\/span>&#8221;\u00a0(preposi\u00e7\u00e3o que significa &#8220;\u00e0 raz\u00e3o de&#8221;) antes do numeral. Ela pode, inclusive, n\u00e3o ser traduzida:<\/p>\n\n\n\n<p>P<span style=\"text-decoration: underline;\">o<\/span>\u00a0d<span style=\"text-decoration: underline;\">u<\/span><br>\u00e0 raz\u00e3o de dois.<\/p>\n\n\n\n<p>P<span style=\"text-decoration: underline;\">o<\/span>\u00a0tr<span style=\"text-decoration: underline;\">i<\/span><br>\u00e0 raz\u00e3o de tr\u00eas.<\/p>\n\n\n\n<p>P<span style=\"text-decoration: underline;\">o<\/span>\u00a0kv<span style=\"text-decoration: underline;\">i<\/span>n h<span style=\"text-decoration: underline;\">o<\/span>roj t<span style=\"text-decoration: underline;\">a<\/span>ge.<br>(\u00e0 raz\u00e3o de) Cinco horas por dia.<\/p>\n\n\n\n<p>P<span style=\"text-decoration: underline;\">o<\/span>\u00a0c<span style=\"text-decoration: underline;\">e<\/span>nt kilom<span style=\"text-decoration: underline;\">e<\/span>troj\u00a0t<span style=\"text-decoration: underline;\">a<\/span>ge.<br>(\u00e0 raz\u00e3o de) Cinco quil\u00f4metros por hora.<\/p>\n\n\n\n<p>M<span style=\"text-decoration: underline;\">i<\/span>\u00a0d<span style=\"text-decoration: underline;\">o<\/span>nis\u00a0<span style=\"text-decoration: underline;\">a<\/span>l m<span style=\"text-decoration: underline;\">i<\/span>aj inf<span style=\"text-decoration: underline;\">a<\/span>noj p<span style=\"text-decoration: underline;\">o<\/span>\u00a0tr<span style=\"text-decoration: underline;\">i<\/span>\u00a0p<span style=\"text-decoration: underline;\">o<\/span>moj.<br>Eu dei a minhas crian\u00e7as (\u00e0 raz\u00e3o de) tr\u00eas ma\u00e7\u00e3s. (para cada uma).<\/p>\n\n\n\n<p><span style=\"text-decoration: underline;\">A<\/span>l\u00a0\u0109i<span style=\"text-decoration: underline;\">u<\/span>\u00a0<span style=\"text-decoration: underline;\">e<\/span>l m<span style=\"text-decoration: underline;\">i<\/span>aj lern<span style=\"text-decoration: underline;\">a<\/span>ntoj m<span style=\"text-decoration: underline;\">i<\/span>\u00a0d<span style=\"text-decoration: underline;\">o<\/span>nis p<span style=\"text-decoration: underline;\">o<\/span>\u00a0tr<span style=\"text-decoration: underline;\">i<\/span>\u00a0kraj<span style=\"text-decoration: underline;\">o<\/span>noj.<br>Para cada um dos meus alunos eu dei tr\u00eas l\u00e1pis.<\/p>\n\n\n\n<h2 class=\"wp-block-heading\" id=\"h-curiosidades\">Curiosidades<\/h2>\n\n\n\n<p>Quando&nbsp;Zamenhof&nbsp;planejou o Esperanto, ele desejava extrair os melhores aspectos possu\u00eddos pelas l\u00ednguas. A l\u00f3gica utilizada para formar os numerais \u00e9 muito pr\u00f3xima da existente em l\u00ednguas do Extremo Oriente (chin\u00eas, japon\u00eas, etc.).<\/p>\n\n\n\n<p>Todos os numerais ordinais em Esperanto v\u00eam dos numerais b\u00e1sicos. Quando temos que formar esses n\u00fameros a partir de outros muito grandes, em portugu\u00eas devemos usar palavras totalmente diferentes, se quisermos express\u00e1-laos por extenso, al\u00e9m de fazermos a concord\u00e2ncia com o masculino ou com o feminino. Exemplo: 365\u00ba \u2013 tricent\u00e9simo sexag\u00e9simo quinto ou 365\u00aa \u2013 tricent\u00e9sima sexag\u00e9sima quinta.<\/p>\n\n\n\n<p>Para abrevi\u00e1-los, basta colocar uma letra &#8220;a&#8221; (com ou sem h\u00edfen antes dela) ao lado do n\u00famero: como se fal\u00e1ssemos o n\u00famero inteiro e acrescent\u00e1ssemos a ele a letra &#8220;a&#8221;. Exemplo: 365-a \u2013\u00a0tr<span style=\"text-decoration: underline;\">i<\/span>cent s<span style=\"text-decoration: underline;\">e<\/span>sdek kv<span style=\"text-decoration: underline;\">i<\/span>na.<\/p>\n\n\n\n<hr class=\"wp-block-separator has-alpha-channel-opacity is-style-dots\"\/>\n\n\n\n<p>Fonte: &#8220;O Esperanto \u00e9 muito mais!&#8221;<\/p>\n","protected":false},"excerpt":{"rendered":"<p>A palavra utilizada para quantificar uma ideia \u00e9 o numeral. Esta palavra \u00e9 utilizada para distribuir as ideias em quantidades, representado-as na forma dessas palavras. Os numerais b\u00e1sicos em Esperanto s\u00e3o: Estes n\u00fameros n\u00e3o variam, ou seja, n\u00e3o sofrem mudan\u00e7as. S\u00e3o escritos sempre da mesma forma. Os n\u00fameros que v\u00eam ap\u00f3s o dez na sequ\u00eancia<\/p>\n","protected":false},"author":1,"featured_media":214,"comment_status":"closed","ping_status":"open","sticky":false,"template":"","format":"standard","meta":{"footnotes":""},"categories":[12],"tags":[19,20],"class_list":{"0":"post-208","1":"post","2":"type-post","3":"status-publish","4":"format-standard","5":"has-post-thumbnail","7":"category-gramatica","8":"tag-numerais","9":"tag-numeros"},"yoast_head":"<!-- This site is optimized with the Yoast SEO Premium plugin v26.5 (Yoast SEO v27.4) - https:\/\/yoast.com\/product\/yoast-seo-premium-wordpress\/ -->\n<title>Uso dos Numerais no Esperanto &#8226; Aprender Esperanto<\/title>\n<meta name=\"description\" content=\"A palavra utilizada para quantificar uma ideia \u00e9 o numeral. Esta palavra \u00e9 utilizada para distribuir as ideias em quantidades.\" \/>\n<meta name=\"robots\" content=\"index, follow, max-snippet:-1, max-image-preview:large, max-video-preview:-1\" \/>\n<link rel=\"canonical\" href=\"https:\/\/hridiomas.com\/aprender-esperanto\/uso-dos-numerais-no-esperanto\/\" \/>\n<meta property=\"og:locale\" content=\"pt_BR\" \/>\n<meta property=\"og:type\" content=\"article\" \/>\n<meta property=\"og:title\" content=\"Uso dos Numerais no Esperanto &#8226; Aprender Esperanto\" \/>\n<meta property=\"og:description\" content=\"A palavra utilizada para quantificar uma ideia \u00e9 o numeral. Esta palavra \u00e9 utilizada para distribuir as ideias em quantidades.\" \/>\n<meta property=\"og:url\" content=\"https:\/\/hridiomas.com\/aprender-esperanto\/uso-dos-numerais-no-esperanto\/\" \/>\n<meta property=\"og:site_name\" content=\"Aprender Esperanto\" \/>\n<meta property=\"article:publisher\" content=\"https:\/\/www.facebook.com\/hridiomas\" \/>\n<meta property=\"article:published_time\" content=\"2016-05-26T22:19:00+00:00\" \/>\n<meta property=\"article:modified_time\" content=\"2025-01-19T18:13:04+00:00\" \/>\n<meta property=\"og:image\" content=\"https:\/\/hridiomas.com\/aprender-esperanto\/wp-content\/uploads\/sites\/12\/2023\/10\/destaque-1.jpg\" \/>\n\t<meta property=\"og:image:width\" content=\"1920\" \/>\n\t<meta property=\"og:image:height\" content=\"1200\" \/>\n\t<meta property=\"og:image:type\" content=\"image\/jpeg\" \/>\n<meta name=\"author\" content=\"hridiomas\" \/>\n<meta name=\"twitter:card\" content=\"summary_large_image\" \/>\n<meta name=\"twitter:creator\" content=\"@hridiomas\" \/>\n<meta name=\"twitter:site\" content=\"@hridiomas\" \/>\n<meta name=\"twitter:label1\" content=\"Escrito por\" \/>\n\t<meta name=\"twitter:data1\" content=\"hridiomas\" \/>\n\t<meta name=\"twitter:label2\" content=\"Est. tempo de leitura\" \/>\n\t<meta name=\"twitter:data2\" content=\"8 minutos\" \/>\n<script type=\"application\/ld+json\" class=\"yoast-schema-graph\">{\"@context\":\"https:\\\/\\\/schema.org\",\"@graph\":[{\"@type\":\"Article\",\"@id\":\"https:\\\/\\\/hridiomas.com\\\/aprender-esperanto\\\/uso-dos-numerais-no-esperanto\\\/#article\",\"isPartOf\":{\"@id\":\"https:\\\/\\\/hridiomas.com\\\/aprender-esperanto\\\/uso-dos-numerais-no-esperanto\\\/\"},\"author\":{\"name\":\"hridiomas\",\"@id\":\"https:\\\/\\\/hridiomas.com\\\/aprender-esperanto\\\/#\\\/schema\\\/person\\\/074f113560c2f5d2d8531b6fb060d851\"},\"headline\":\"Uso dos Numerais no Esperanto\",\"datePublished\":\"2016-05-26T22:19:00+00:00\",\"dateModified\":\"2025-01-19T18:13:04+00:00\",\"mainEntityOfPage\":{\"@id\":\"https:\\\/\\\/hridiomas.com\\\/aprender-esperanto\\\/uso-dos-numerais-no-esperanto\\\/\"},\"wordCount\":1182,\"publisher\":{\"@id\":\"https:\\\/\\\/hridiomas.com\\\/aprender-esperanto\\\/#organization\"},\"image\":{\"@id\":\"https:\\\/\\\/hridiomas.com\\\/aprender-esperanto\\\/uso-dos-numerais-no-esperanto\\\/#primaryimage\"},\"thumbnailUrl\":\"https:\\\/\\\/hridiomas.com\\\/aprender-esperanto\\\/wp-content\\\/uploads\\\/sites\\\/12\\\/2023\\\/10\\\/destaque-1.jpg\",\"keywords\":[\"numerais\",\"n\u00fameros\"],\"articleSection\":[\"Gram\u00e1tica\"],\"inLanguage\":\"pt-BR\"},{\"@type\":\"WebPage\",\"@id\":\"https:\\\/\\\/hridiomas.com\\\/aprender-esperanto\\\/uso-dos-numerais-no-esperanto\\\/\",\"url\":\"https:\\\/\\\/hridiomas.com\\\/aprender-esperanto\\\/uso-dos-numerais-no-esperanto\\\/\",\"name\":\"Uso dos Numerais no Esperanto &#8226; Aprender Esperanto\",\"isPartOf\":{\"@id\":\"https:\\\/\\\/hridiomas.com\\\/aprender-esperanto\\\/#website\"},\"primaryImageOfPage\":{\"@id\":\"https:\\\/\\\/hridiomas.com\\\/aprender-esperanto\\\/uso-dos-numerais-no-esperanto\\\/#primaryimage\"},\"image\":{\"@id\":\"https:\\\/\\\/hridiomas.com\\\/aprender-esperanto\\\/uso-dos-numerais-no-esperanto\\\/#primaryimage\"},\"thumbnailUrl\":\"https:\\\/\\\/hridiomas.com\\\/aprender-esperanto\\\/wp-content\\\/uploads\\\/sites\\\/12\\\/2023\\\/10\\\/destaque-1.jpg\",\"datePublished\":\"2016-05-26T22:19:00+00:00\",\"dateModified\":\"2025-01-19T18:13:04+00:00\",\"description\":\"A palavra utilizada para quantificar uma ideia \u00e9 o numeral. Esta palavra \u00e9 utilizada para distribuir as ideias em quantidades.\",\"breadcrumb\":{\"@id\":\"https:\\\/\\\/hridiomas.com\\\/aprender-esperanto\\\/uso-dos-numerais-no-esperanto\\\/#breadcrumb\"},\"inLanguage\":\"pt-BR\",\"potentialAction\":[{\"@type\":\"ReadAction\",\"target\":[\"https:\\\/\\\/hridiomas.com\\\/aprender-esperanto\\\/uso-dos-numerais-no-esperanto\\\/\"]}]},{\"@type\":\"ImageObject\",\"inLanguage\":\"pt-BR\",\"@id\":\"https:\\\/\\\/hridiomas.com\\\/aprender-esperanto\\\/uso-dos-numerais-no-esperanto\\\/#primaryimage\",\"url\":\"https:\\\/\\\/hridiomas.com\\\/aprender-esperanto\\\/wp-content\\\/uploads\\\/sites\\\/12\\\/2023\\\/10\\\/destaque-1.jpg\",\"contentUrl\":\"https:\\\/\\\/hridiomas.com\\\/aprender-esperanto\\\/wp-content\\\/uploads\\\/sites\\\/12\\\/2023\\\/10\\\/destaque-1.jpg\",\"width\":1920,\"height\":1200},{\"@type\":\"BreadcrumbList\",\"@id\":\"https:\\\/\\\/hridiomas.com\\\/aprender-esperanto\\\/uso-dos-numerais-no-esperanto\\\/#breadcrumb\",\"itemListElement\":[{\"@type\":\"ListItem\",\"position\":1,\"name\":\"In\u00edcio\",\"item\":\"https:\\\/\\\/hridiomas.com\\\/aprender-esperanto\\\/\"},{\"@type\":\"ListItem\",\"position\":2,\"name\":\"Uso dos Numerais no Esperanto\"}]},{\"@type\":\"WebSite\",\"@id\":\"https:\\\/\\\/hridiomas.com\\\/aprender-esperanto\\\/#website\",\"url\":\"https:\\\/\\\/hridiomas.com\\\/aprender-esperanto\\\/\",\"name\":\"Aprender Esperanto\",\"description\":\"Dicas para aprender esperanto\",\"publisher\":{\"@id\":\"https:\\\/\\\/hridiomas.com\\\/aprender-esperanto\\\/#organization\"},\"potentialAction\":[{\"@type\":\"SearchAction\",\"target\":{\"@type\":\"EntryPoint\",\"urlTemplate\":\"https:\\\/\\\/hridiomas.com\\\/aprender-esperanto\\\/?s={search_term_string}\"},\"query-input\":{\"@type\":\"PropertyValueSpecification\",\"valueRequired\":true,\"valueName\":\"search_term_string\"}}],\"inLanguage\":\"pt-BR\"},{\"@type\":\"Organization\",\"@id\":\"https:\\\/\\\/hridiomas.com\\\/aprender-esperanto\\\/#organization\",\"name\":\"HR idiomas\",\"url\":\"https:\\\/\\\/hridiomas.com\\\/aprender-esperanto\\\/\",\"logo\":{\"@type\":\"ImageObject\",\"inLanguage\":\"pt-BR\",\"@id\":\"https:\\\/\\\/hridiomas.com\\\/aprender-esperanto\\\/#\\\/schema\\\/logo\\\/image\\\/\",\"url\":\"\",\"contentUrl\":\"\",\"caption\":\"HR idiomas\"},\"image\":{\"@id\":\"https:\\\/\\\/hridiomas.com\\\/aprender-esperanto\\\/#\\\/schema\\\/logo\\\/image\\\/\"},\"sameAs\":[\"https:\\\/\\\/www.facebook.com\\\/hridiomas\",\"https:\\\/\\\/x.com\\\/hridiomas\",\"https:\\\/\\\/www.instagram.com\\\/hridiomas\",\"https:\\\/\\\/www.linkedin.com\\\/company\\\/2678452\",\"https:\\\/\\\/www.youtube.com\\\/c\\\/HridiomasBr\"]},{\"@type\":\"Person\",\"@id\":\"https:\\\/\\\/hridiomas.com\\\/aprender-esperanto\\\/#\\\/schema\\\/person\\\/074f113560c2f5d2d8531b6fb060d851\",\"name\":\"hridiomas\",\"image\":{\"@type\":\"ImageObject\",\"inLanguage\":\"pt-BR\",\"@id\":\"https:\\\/\\\/hridiomas.com\\\/aprender-esperanto\\\/wp-content\\\/litespeed\\\/avatar\\\/12\\\/fb2620c0c0ccd633ad511be1feb4af56.jpg?ver=1776996672\",\"url\":\"https:\\\/\\\/hridiomas.com\\\/aprender-esperanto\\\/wp-content\\\/litespeed\\\/avatar\\\/12\\\/fb2620c0c0ccd633ad511be1feb4af56.jpg?ver=1776996672\",\"contentUrl\":\"https:\\\/\\\/hridiomas.com\\\/aprender-esperanto\\\/wp-content\\\/litespeed\\\/avatar\\\/12\\\/fb2620c0c0ccd633ad511be1feb4af56.jpg?ver=1776996672\",\"caption\":\"hridiomas\"}}]}<\/script>\n<!-- \/ Yoast SEO Premium plugin. -->","yoast_head_json":{"title":"Uso dos Numerais no Esperanto &#8226; Aprender Esperanto","description":"A palavra utilizada para quantificar uma ideia \u00e9 o numeral. Esta palavra \u00e9 utilizada para distribuir as ideias em quantidades.","robots":{"index":"index","follow":"follow","max-snippet":"max-snippet:-1","max-image-preview":"max-image-preview:large","max-video-preview":"max-video-preview:-1"},"canonical":"https:\/\/hridiomas.com\/aprender-esperanto\/uso-dos-numerais-no-esperanto\/","og_locale":"pt_BR","og_type":"article","og_title":"Uso dos Numerais no Esperanto &#8226; Aprender Esperanto","og_description":"A palavra utilizada para quantificar uma ideia \u00e9 o numeral. Esta palavra \u00e9 utilizada para distribuir as ideias em quantidades.","og_url":"https:\/\/hridiomas.com\/aprender-esperanto\/uso-dos-numerais-no-esperanto\/","og_site_name":"Aprender Esperanto","article_publisher":"https:\/\/www.facebook.com\/hridiomas","article_published_time":"2016-05-26T22:19:00+00:00","article_modified_time":"2025-01-19T18:13:04+00:00","og_image":[{"width":1920,"height":1200,"url":"https:\/\/hridiomas.com\/aprender-esperanto\/wp-content\/uploads\/sites\/12\/2023\/10\/destaque-1.jpg","type":"image\/jpeg"}],"author":"hridiomas","twitter_card":"summary_large_image","twitter_creator":"@hridiomas","twitter_site":"@hridiomas","twitter_misc":{"Escrito por":"hridiomas","Est. tempo de leitura":"8 minutos"},"schema":{"@context":"https:\/\/schema.org","@graph":[{"@type":"Article","@id":"https:\/\/hridiomas.com\/aprender-esperanto\/uso-dos-numerais-no-esperanto\/#article","isPartOf":{"@id":"https:\/\/hridiomas.com\/aprender-esperanto\/uso-dos-numerais-no-esperanto\/"},"author":{"name":"hridiomas","@id":"https:\/\/hridiomas.com\/aprender-esperanto\/#\/schema\/person\/074f113560c2f5d2d8531b6fb060d851"},"headline":"Uso dos Numerais no Esperanto","datePublished":"2016-05-26T22:19:00+00:00","dateModified":"2025-01-19T18:13:04+00:00","mainEntityOfPage":{"@id":"https:\/\/hridiomas.com\/aprender-esperanto\/uso-dos-numerais-no-esperanto\/"},"wordCount":1182,"publisher":{"@id":"https:\/\/hridiomas.com\/aprender-esperanto\/#organization"},"image":{"@id":"https:\/\/hridiomas.com\/aprender-esperanto\/uso-dos-numerais-no-esperanto\/#primaryimage"},"thumbnailUrl":"https:\/\/hridiomas.com\/aprender-esperanto\/wp-content\/uploads\/sites\/12\/2023\/10\/destaque-1.jpg","keywords":["numerais","n\u00fameros"],"articleSection":["Gram\u00e1tica"],"inLanguage":"pt-BR"},{"@type":"WebPage","@id":"https:\/\/hridiomas.com\/aprender-esperanto\/uso-dos-numerais-no-esperanto\/","url":"https:\/\/hridiomas.com\/aprender-esperanto\/uso-dos-numerais-no-esperanto\/","name":"Uso dos Numerais no Esperanto &#8226; Aprender Esperanto","isPartOf":{"@id":"https:\/\/hridiomas.com\/aprender-esperanto\/#website"},"primaryImageOfPage":{"@id":"https:\/\/hridiomas.com\/aprender-esperanto\/uso-dos-numerais-no-esperanto\/#primaryimage"},"image":{"@id":"https:\/\/hridiomas.com\/aprender-esperanto\/uso-dos-numerais-no-esperanto\/#primaryimage"},"thumbnailUrl":"https:\/\/hridiomas.com\/aprender-esperanto\/wp-content\/uploads\/sites\/12\/2023\/10\/destaque-1.jpg","datePublished":"2016-05-26T22:19:00+00:00","dateModified":"2025-01-19T18:13:04+00:00","description":"A palavra utilizada para quantificar uma ideia \u00e9 o numeral. Esta palavra \u00e9 utilizada para distribuir as ideias em quantidades.","breadcrumb":{"@id":"https:\/\/hridiomas.com\/aprender-esperanto\/uso-dos-numerais-no-esperanto\/#breadcrumb"},"inLanguage":"pt-BR","potentialAction":[{"@type":"ReadAction","target":["https:\/\/hridiomas.com\/aprender-esperanto\/uso-dos-numerais-no-esperanto\/"]}]},{"@type":"ImageObject","inLanguage":"pt-BR","@id":"https:\/\/hridiomas.com\/aprender-esperanto\/uso-dos-numerais-no-esperanto\/#primaryimage","url":"https:\/\/hridiomas.com\/aprender-esperanto\/wp-content\/uploads\/sites\/12\/2023\/10\/destaque-1.jpg","contentUrl":"https:\/\/hridiomas.com\/aprender-esperanto\/wp-content\/uploads\/sites\/12\/2023\/10\/destaque-1.jpg","width":1920,"height":1200},{"@type":"BreadcrumbList","@id":"https:\/\/hridiomas.com\/aprender-esperanto\/uso-dos-numerais-no-esperanto\/#breadcrumb","itemListElement":[{"@type":"ListItem","position":1,"name":"In\u00edcio","item":"https:\/\/hridiomas.com\/aprender-esperanto\/"},{"@type":"ListItem","position":2,"name":"Uso dos Numerais no Esperanto"}]},{"@type":"WebSite","@id":"https:\/\/hridiomas.com\/aprender-esperanto\/#website","url":"https:\/\/hridiomas.com\/aprender-esperanto\/","name":"Aprender Esperanto","description":"Dicas para aprender esperanto","publisher":{"@id":"https:\/\/hridiomas.com\/aprender-esperanto\/#organization"},"potentialAction":[{"@type":"SearchAction","target":{"@type":"EntryPoint","urlTemplate":"https:\/\/hridiomas.com\/aprender-esperanto\/?s={search_term_string}"},"query-input":{"@type":"PropertyValueSpecification","valueRequired":true,"valueName":"search_term_string"}}],"inLanguage":"pt-BR"},{"@type":"Organization","@id":"https:\/\/hridiomas.com\/aprender-esperanto\/#organization","name":"HR idiomas","url":"https:\/\/hridiomas.com\/aprender-esperanto\/","logo":{"@type":"ImageObject","inLanguage":"pt-BR","@id":"https:\/\/hridiomas.com\/aprender-esperanto\/#\/schema\/logo\/image\/","url":"","contentUrl":"","caption":"HR idiomas"},"image":{"@id":"https:\/\/hridiomas.com\/aprender-esperanto\/#\/schema\/logo\/image\/"},"sameAs":["https:\/\/www.facebook.com\/hridiomas","https:\/\/x.com\/hridiomas","https:\/\/www.instagram.com\/hridiomas","https:\/\/www.linkedin.com\/company\/2678452","https:\/\/www.youtube.com\/c\/HridiomasBr"]},{"@type":"Person","@id":"https:\/\/hridiomas.com\/aprender-esperanto\/#\/schema\/person\/074f113560c2f5d2d8531b6fb060d851","name":"hridiomas","image":{"@type":"ImageObject","inLanguage":"pt-BR","@id":"https:\/\/hridiomas.com\/aprender-esperanto\/wp-content\/litespeed\/avatar\/12\/fb2620c0c0ccd633ad511be1feb4af56.jpg?ver=1776996672","url":"https:\/\/hridiomas.com\/aprender-esperanto\/wp-content\/litespeed\/avatar\/12\/fb2620c0c0ccd633ad511be1feb4af56.jpg?ver=1776996672","contentUrl":"https:\/\/hridiomas.com\/aprender-esperanto\/wp-content\/litespeed\/avatar\/12\/fb2620c0c0ccd633ad511be1feb4af56.jpg?ver=1776996672","caption":"hridiomas"}}]}},"_links":{"self":[{"href":"https:\/\/hridiomas.com\/aprender-esperanto\/wp-json\/wp\/v2\/posts\/208","targetHints":{"allow":["GET"]}}],"collection":[{"href":"https:\/\/hridiomas.com\/aprender-esperanto\/wp-json\/wp\/v2\/posts"}],"about":[{"href":"https:\/\/hridiomas.com\/aprender-esperanto\/wp-json\/wp\/v2\/types\/post"}],"author":[{"embeddable":true,"href":"https:\/\/hridiomas.com\/aprender-esperanto\/wp-json\/wp\/v2\/users\/1"}],"replies":[{"embeddable":true,"href":"https:\/\/hridiomas.com\/aprender-esperanto\/wp-json\/wp\/v2\/comments?post=208"}],"version-history":[{"count":0,"href":"https:\/\/hridiomas.com\/aprender-esperanto\/wp-json\/wp\/v2\/posts\/208\/revisions"}],"wp:featuredmedia":[{"embeddable":true,"href":"https:\/\/hridiomas.com\/aprender-esperanto\/wp-json\/wp\/v2\/media\/214"}],"wp:attachment":[{"href":"https:\/\/hridiomas.com\/aprender-esperanto\/wp-json\/wp\/v2\/media?parent=208"}],"wp:term":[{"taxonomy":"category","embeddable":true,"href":"https:\/\/hridiomas.com\/aprender-esperanto\/wp-json\/wp\/v2\/categories?post=208"},{"taxonomy":"post_tag","embeddable":true,"href":"https:\/\/hridiomas.com\/aprender-esperanto\/wp-json\/wp\/v2\/tags?post=208"}],"curies":[{"name":"wp","href":"https:\/\/api.w.org\/{rel}","templated":true}]}}