{"id":2682,"date":"2024-12-17T11:12:04","date_gmt":"2024-12-17T14:12:04","guid":{"rendered":"https:\/\/hridiomas.com\/aprender-espanhol\/?p=2682"},"modified":"2025-01-29T14:26:35","modified_gmt":"2025-01-29T17:26:35","slug":"uso-dos-comparativos-em-espanhol","status":"publish","type":"post","link":"https:\/\/hridiomas.com\/aprender-espanhol\/uso-dos-comparativos-em-espanhol\/","title":{"rendered":"Uso dos comparativos em espanhol"},"content":{"rendered":"\n<p>Os comparativos s\u00e3o fundamentais para expressar rela\u00e7\u00f5es de superioridade, inferioridade ou igualdade entre pessoas, objetos ou situa\u00e7\u00f5es. Em espanhol, existem estruturas espec\u00edficas para cada tipo de compara\u00e7\u00e3o, e os adjetivos e substantivos devem concordar em g\u00eanero e n\u00famero com os elementos comparados.<\/p>\n\n\n\n<h2 class=\"wp-block-heading\" id=\"h-comparativos-de-superioridade\">Comparativos de superioridade<\/h2>\n\n\n\n<p>Quando queremos expressar que uma coisa ou pessoa tem uma qualidade em grau superior a outra, utilizamos a seguinte estrutura: m\u00e1s + adjetivo\/substantivo + que.<\/p>\n\n\n\n<p>Lembre-se: O adjetivo deve concordar em g\u00eanero e n\u00famero com o sujeito da frase.<\/p>\n\n\n\n<p><strong>El taxi es <span style=\"text-decoration: underline;\">m\u00e1s r\u00e1pido que<\/span> el autob\u00fas.<br><\/strong>O t\u00e1xi \u00e9 <span style=\"text-decoration: underline;\">mais r\u00e1pido que<\/span> o \u00f4nibus.<\/p>\n\n\n\n<p><strong>Esta pel\u00edcula es <span style=\"text-decoration: underline;\">m\u00e1s interesante que<\/span> la anterior.<br><\/strong>Este filme \u00e9 <span style=\"text-decoration: underline;\">mais interessante que<\/span> o anterior.<\/p>\n\n\n\n<p><strong>Por la ma\u00f1ana hay <span style=\"text-decoration: underline;\">m\u00e1s tr\u00e1fico que<\/span> por la tarde.<br><\/strong>De manh\u00e3 h\u00e1 m<span style=\"text-decoration: underline;\">ais tr\u00e2nsito que<\/span> de tarde.<\/p>\n\n\n\n<h2 class=\"wp-block-heading\" id=\"h-comparativos-de-inferioridade\">Comparativos de inferioridade<\/h2>\n\n\n\n<p>Para expressar que algo possui uma qualidade em grau inferior a outro elemento, usamos: menos + adjetivo\/substantivo + que.<\/p>\n\n\n\n<p>Lembre-se: O adjetivo tamb\u00e9m deve concordar em g\u00eanero e n\u00famero com o sujeito.<\/p>\n\n\n\n<p><strong>Raquel <span style=\"text-decoration: underline;\">es menos seria que<\/span> su hermano.<br><\/strong>Raquel <span style=\"text-decoration: underline;\">\u00e9 menos s\u00e9ria que<\/span> o irm\u00e3o dela.<\/p>\n\n\n\n<p><strong>Tom\u00e1s <span style=\"text-decoration: underline;\">es menos trabajador que<\/span> Sara.<br><\/strong>Tom\u00e1s <span style=\"text-decoration: underline;\">\u00e9 menos trabalhador que<\/span> Sara.<\/p>\n\n\n\n<p><strong>Esta ciudad <span style=\"text-decoration: underline;\">es menos ruidosa que<\/span> la otra.<br><\/strong>Esta cidade <span style=\"text-decoration: underline;\">\u00e9 menos barulhenta que<\/span> a outra.<\/p>\n\n\n\n<h2 class=\"wp-block-heading\" id=\"h-comparativos-com-verbos\">Comparativos com verbos<\/h2>\n\n\n\n<p>Quando queremos comparar a\u00e7\u00f5es em vez de qualidades ou objetos, utilizamos as seguintes estruturas:<\/p>\n\n\n\n<p>Verbo + m\u00e1s\/menos que:<\/p>\n\n\n\n<p><strong>Pedro trabaja <span style=\"text-decoration: underline;\">m\u00e1s que<\/span> Juan.<br><\/strong>Pedro trabalha <span style=\"text-decoration: underline;\">mais que<\/span> Juan.<\/p>\n\n\n\n<p>Verbo + tanto como (para igualdade):<\/p>\n\n\n\n<p><strong>Mar\u00eda estudia <span style=\"text-decoration: underline;\">tanto como<\/span> su hermano.<br><\/strong>Mar\u00eda estuda <span style=\"text-decoration: underline;\">tanto quanto<\/span> o irm\u00e3o dela.<\/p>\n\n\n\n<h2 class=\"wp-block-heading\" id=\"h-casos-especiais-com-de\">Casos especiais com &#8220;de&#8221;<\/h2>\n\n\n\n<p>Em espanhol, quando a compara\u00e7\u00e3o envolve quantidades ou n\u00fameros, usamos &#8220;de&#8221; em vez de &#8220;que&#8221;:<\/p>\n\n\n\n<p><strong>Tengo <span style=\"text-decoration: underline;\">m\u00e1s de<\/span> veinte libros.<br><\/strong>Tenho <span style=\"text-decoration: underline;\">mais de<\/span> vinte livros.<\/p>\n\n\n\n<p>Em frases negativas, mantemos o uso de &#8220;que&#8221;:<\/p>\n\n\n\n<p><strong>No tengo <span style=\"text-decoration: underline;\">m\u00e1s que<\/span> diez euros.<br><\/strong>N\u00e3o tenho <span style=\"text-decoration: underline;\">mais do que<\/span> dez euros.<\/p>\n\n\n\n<h2 class=\"wp-block-heading\" id=\"h-comparativos-de-igualdade\">Comparativos de igualdade<\/h2>\n\n\n\n<p>Quando queremos dizer que duas pessoas ou coisas t\u00eam qualidades, ou quantidades equivalentes, usamos:<\/p>\n\n\n\n<ul class=\"wp-block-list\">\n<li>Para adjetivos: tan + adjetivo + como<\/li>\n\n\n\n<li>Para substantivos: tanto\/a\/os\/as + substantivo + como<\/li>\n<\/ul>\n\n\n\n<p>Aten\u00e7\u00e3o: A palavra tanto deve concordar em g\u00eanero e n\u00famero com o substantivo.<\/p>\n\n\n\n<p>Exemplos com adjetivos:<\/p>\n\n\n\n<p><strong>Barcelona es <span style=\"text-decoration: underline;\">tan cara como<\/span> Madrid.<br><\/strong>Barcelona \u00e9 <span style=\"text-decoration: underline;\">t\u00e3o cara quanto<\/span> Madrid.<\/p>\n\n\n\n<p><strong>Esta tarea es <span style=\"text-decoration: underline;\">tan dif\u00edcil como<\/span> la anterior.<br><\/strong>Esta tarefa \u00e9 <span style=\"text-decoration: underline;\">t\u00e3o dif\u00edcil quanto<\/span> a anterior.<\/p>\n\n\n\n<p>Exemplos com substantivos:<\/p>\n\n\n\n<p><strong>En el centro de Barcelona hay <span style=\"text-decoration: underline;\">tanta gente como<\/span> en Madrid.<br><\/strong>No centro de Barcelona h\u00e1 <span style=\"text-decoration: underline;\">tanta gente quanto<\/span> em Madrid.<\/p>\n\n\n\n<p><strong>Mar\u00eda tiene <span style=\"text-decoration: underline;\">tantos libros como<\/span> yo.<br><\/strong>Mar\u00eda tem <span style=\"text-decoration: underline;\">tantos livros quanto<\/span> eu.<\/p>\n\n\n\n<p><strong>Hay <span style=\"text-decoration: underline;\">tantas oportunidades aqu\u00ed como<\/span> en otras ciudades.<br><\/strong>H\u00e1 <span style=\"text-decoration: underline;\">tantas oportunidades aqui quanto<\/span> em outras cidades.<\/p>\n\n\n\n<h2 class=\"wp-block-heading\" id=\"h-superlativos-em-espanhol\">Superlativos em espanhol<\/h2>\n\n\n\n<p>Os superlativos servem para expressar uma qualidade em seu grau m\u00e1ximo. Existem duas formas principais:<\/p>\n\n\n\n<h3 class=\"wp-block-heading\" id=\"h-superlativo-relativo\">Superlativo relativo<\/h3>\n\n\n\n<p>Estrutura: el\/la\/los\/las + m\u00e1s\/menos + adjetivo + de<\/p>\n\n\n\n<p><strong>Mar\u00eda es la <span style=\"text-decoration: underline;\">m\u00e1s alta de<\/span> la clase.<br><\/strong>Mar\u00eda \u00e9 a <span style=\"text-decoration: underline;\">mais alta da<\/span> turma.<\/p>\n\n\n\n<h3 class=\"wp-block-heading\" id=\"h-superlativo-absoluto\">Superlativo absoluto<\/h3>\n\n\n\n<p>Adicionamos o sufixo -\u00edsimo\/a\/os\/as ao adjetivo.<\/p>\n\n\n\n<p><strong>Este coche es car<span style=\"text-decoration: underline;\">\u00edsimo<\/span>.<br><\/strong>Este carro \u00e9 car<span style=\"text-decoration: underline;\">\u00edssimo<\/span>.<\/p>\n\n\n\n<p><a href=\"https:\/\/hridiomas.com\/aprender-espanhol\/uso-do-superlativo-em-espanhol\/\">J\u00e1 falamos mais aqui sobre os superlativos em espanhol.<\/a><\/p>\n\n\n\n<h2 class=\"wp-block-heading\" id=\"h-comparativos-irregulares\">Comparativos irregulares<\/h2>\n\n\n\n<p>Em espanhol, existem adjetivos que possuem formas irregulares no comparativo, ou seja, n\u00e3o seguem as estruturas mencionadas acima. Os principais s\u00e3o:<\/p>\n\n\n\n<figure class=\"wp-block-table\"><table class=\"has-fixed-layout\"><thead><tr><th>Adjetivo<\/th><th>Comparativo<\/th><th>Tradu\u00e7\u00e3o<\/th><\/tr><\/thead><tbody><tr><td>bueno (bom)<\/td><td>mejor (melhor)<\/td><td>melhor<\/td><\/tr><tr><td>malo (mau)<\/td><td>peor (pior)<\/td><td>pior<\/td><\/tr><tr><td>grande (grande)<\/td><td>mayor (maior)<\/td><td>maior (idade ou tamanho)<\/td><\/tr><tr><td>peque\u00f1o (pequeno)<\/td><td>menor (menor)<\/td><td>menor (idade ou tamanho)<\/td><\/tr><\/tbody><\/table><\/figure>\n\n\n\n<p><strong>Este libro es <span style=\"text-decoration: underline;\">mejor que<\/span> el otro.<br><\/strong>Este livro \u00e9 <span style=\"text-decoration: underline;\">melhor que<\/span> o outro.<\/p>\n\n\n\n<p><strong>La situaci\u00f3n es <span style=\"text-decoration: underline;\">peor de lo<\/span> que imaginaba.<br><\/strong>A situa\u00e7\u00e3o \u00e9 <span style=\"text-decoration: underline;\">pior do que<\/span> eu imaginava.<\/p>\n\n\n\n<p><strong>Mi hermana es <span style=\"text-decoration: underline;\">mayor que<\/span> yo.<br><\/strong>Minha irm\u00e3 \u00e9 <span style=\"text-decoration: underline;\">mais velha que<\/span> eu.<\/p>\n\n\n\n<p><strong>Su casa es <span style=\"text-decoration: underline;\">menor que<\/span> la nuestra.<br><\/strong>A casa dele \u00e9 <span style=\"text-decoration: underline;\">menor que<\/span> a nossa.<\/p>\n\n\n\n<p><\/p>\n","protected":false},"excerpt":{"rendered":"<p>Os comparativos s\u00e3o fundamentais para expressar rela\u00e7\u00f5es de superioridade, inferioridade ou igualdade entre pessoas, objetos ou situa\u00e7\u00f5es. Em espanhol, existem estruturas espec\u00edficas para cada tipo de compara\u00e7\u00e3o, e os adjetivos e substantivos devem concordar em g\u00eanero e n\u00famero com os elementos comparados. Comparativos de superioridade Quando queremos expressar que uma coisa ou pessoa tem uma<\/p>\n","protected":false},"author":1,"featured_media":2686,"comment_status":"closed","ping_status":"closed","sticky":false,"template":"","format":"standard","meta":{"footnotes":""},"categories":[23],"tags":[116],"class_list":{"0":"post-2682","1":"post","2":"type-post","3":"status-publish","4":"format-standard","5":"has-post-thumbnail","7":"category-gramatica","8":"tag-adjetivos"},"yoast_head":"<!-- This site is optimized with the Yoast SEO Premium plugin v26.5 (Yoast SEO v27.4) - https:\/\/yoast.com\/product\/yoast-seo-premium-wordpress\/ -->\n<title>Uso dos comparativos em espanhol &#8226; Aprender Espanhol<\/title>\n<meta name=\"description\" content=\"Os comparativos s\u00e3o fundamentais para expressar rela\u00e7\u00f5es de superioridade, inferioridade ou igualdade entre pessoas, objetos ou situa\u00e7\u00f5es.\" \/>\n<meta name=\"robots\" content=\"index, follow, max-snippet:-1, max-image-preview:large, max-video-preview:-1\" \/>\n<link rel=\"canonical\" href=\"https:\/\/hridiomas.com\/aprender-espanhol\/uso-dos-comparativos-em-espanhol\/\" \/>\n<meta property=\"og:locale\" content=\"pt_BR\" \/>\n<meta property=\"og:type\" content=\"article\" \/>\n<meta property=\"og:title\" content=\"Uso dos comparativos em espanhol &#8226; Aprender Espanhol\" \/>\n<meta property=\"og:description\" content=\"Os comparativos s\u00e3o fundamentais para expressar rela\u00e7\u00f5es de superioridade, inferioridade ou igualdade entre pessoas, objetos ou situa\u00e7\u00f5es.\" \/>\n<meta property=\"og:url\" content=\"https:\/\/hridiomas.com\/aprender-espanhol\/uso-dos-comparativos-em-espanhol\/\" \/>\n<meta property=\"og:site_name\" content=\"Aprender Espanhol\" \/>\n<meta property=\"article:publisher\" content=\"https:\/\/www.facebook.com\/hridiomas\" \/>\n<meta property=\"article:published_time\" content=\"2024-12-17T14:12:04+00:00\" \/>\n<meta property=\"article:modified_time\" content=\"2025-01-29T17:26:35+00:00\" \/>\n<meta property=\"og:image\" content=\"https:\/\/hridiomas.com\/aprender-espanhol\/wp-content\/uploads\/sites\/4\/2024\/12\/destaque-11.jpg\" \/>\n\t<meta property=\"og:image:width\" content=\"1920\" \/>\n\t<meta property=\"og:image:height\" content=\"1280\" \/>\n\t<meta property=\"og:image:type\" content=\"image\/jpeg\" \/>\n<meta name=\"author\" content=\"hridiomas\" \/>\n<meta name=\"twitter:card\" content=\"summary_large_image\" \/>\n<meta name=\"twitter:creator\" content=\"@hridiomas\" \/>\n<meta name=\"twitter:site\" content=\"@hridiomas\" \/>\n<script type=\"application\/ld+json\" class=\"yoast-schema-graph\">{\"@context\":\"https:\\\/\\\/schema.org\",\"@graph\":[{\"@type\":\"Article\",\"@id\":\"https:\\\/\\\/hridiomas.com\\\/aprender-espanhol\\\/uso-dos-comparativos-em-espanhol\\\/#article\",\"isPartOf\":{\"@id\":\"https:\\\/\\\/hridiomas.com\\\/aprender-espanhol\\\/uso-dos-comparativos-em-espanhol\\\/\"},\"author\":{\"name\":\"hridiomas\",\"@id\":\"https:\\\/\\\/hridiomas.com\\\/aprender-espanhol\\\/#\\\/schema\\\/person\\\/074f113560c2f5d2d8531b6fb060d851\"},\"headline\":\"Uso dos comparativos em espanhol\",\"datePublished\":\"2024-12-17T14:12:04+00:00\",\"dateModified\":\"2025-01-29T17:26:35+00:00\",\"mainEntityOfPage\":{\"@id\":\"https:\\\/\\\/hridiomas.com\\\/aprender-espanhol\\\/uso-dos-comparativos-em-espanhol\\\/\"},\"wordCount\":672,\"image\":{\"@id\":\"https:\\\/\\\/hridiomas.com\\\/aprender-espanhol\\\/uso-dos-comparativos-em-espanhol\\\/#primaryimage\"},\"thumbnailUrl\":\"https:\\\/\\\/hridiomas.com\\\/aprender-espanhol\\\/wp-content\\\/uploads\\\/sites\\\/4\\\/2024\\\/12\\\/destaque-11.jpg\",\"keywords\":[\"adjetivos\"],\"articleSection\":[\"Gram\u00e1tica\"],\"inLanguage\":\"pt-BR\"},{\"@type\":\"WebPage\",\"@id\":\"https:\\\/\\\/hridiomas.com\\\/aprender-espanhol\\\/uso-dos-comparativos-em-espanhol\\\/\",\"url\":\"https:\\\/\\\/hridiomas.com\\\/aprender-espanhol\\\/uso-dos-comparativos-em-espanhol\\\/\",\"name\":\"Uso dos comparativos em espanhol &#8226; Aprender Espanhol\",\"isPartOf\":{\"@id\":\"https:\\\/\\\/hridiomas.com\\\/aprender-espanhol\\\/#website\"},\"primaryImageOfPage\":{\"@id\":\"https:\\\/\\\/hridiomas.com\\\/aprender-espanhol\\\/uso-dos-comparativos-em-espanhol\\\/#primaryimage\"},\"image\":{\"@id\":\"https:\\\/\\\/hridiomas.com\\\/aprender-espanhol\\\/uso-dos-comparativos-em-espanhol\\\/#primaryimage\"},\"thumbnailUrl\":\"https:\\\/\\\/hridiomas.com\\\/aprender-espanhol\\\/wp-content\\\/uploads\\\/sites\\\/4\\\/2024\\\/12\\\/destaque-11.jpg\",\"datePublished\":\"2024-12-17T14:12:04+00:00\",\"dateModified\":\"2025-01-29T17:26:35+00:00\",\"author\":{\"@id\":\"https:\\\/\\\/hridiomas.com\\\/aprender-espanhol\\\/#\\\/schema\\\/person\\\/074f113560c2f5d2d8531b6fb060d851\"},\"description\":\"Os comparativos s\u00e3o fundamentais para expressar rela\u00e7\u00f5es de superioridade, inferioridade ou igualdade entre pessoas, objetos ou situa\u00e7\u00f5es.\",\"breadcrumb\":{\"@id\":\"https:\\\/\\\/hridiomas.com\\\/aprender-espanhol\\\/uso-dos-comparativos-em-espanhol\\\/#breadcrumb\"},\"inLanguage\":\"pt-BR\",\"potentialAction\":[{\"@type\":\"ReadAction\",\"target\":[\"https:\\\/\\\/hridiomas.com\\\/aprender-espanhol\\\/uso-dos-comparativos-em-espanhol\\\/\"]}]},{\"@type\":\"ImageObject\",\"inLanguage\":\"pt-BR\",\"@id\":\"https:\\\/\\\/hridiomas.com\\\/aprender-espanhol\\\/uso-dos-comparativos-em-espanhol\\\/#primaryimage\",\"url\":\"https:\\\/\\\/hridiomas.com\\\/aprender-espanhol\\\/wp-content\\\/uploads\\\/sites\\\/4\\\/2024\\\/12\\\/destaque-11.jpg\",\"contentUrl\":\"https:\\\/\\\/hridiomas.com\\\/aprender-espanhol\\\/wp-content\\\/uploads\\\/sites\\\/4\\\/2024\\\/12\\\/destaque-11.jpg\",\"width\":1920,\"height\":1280},{\"@type\":\"BreadcrumbList\",\"@id\":\"https:\\\/\\\/hridiomas.com\\\/aprender-espanhol\\\/uso-dos-comparativos-em-espanhol\\\/#breadcrumb\",\"itemListElement\":[{\"@type\":\"ListItem\",\"position\":1,\"name\":\"In\u00edcio\",\"item\":\"https:\\\/\\\/hridiomas.com\\\/aprender-espanhol\\\/\"},{\"@type\":\"ListItem\",\"position\":2,\"name\":\"Uso dos comparativos em espanhol\"}]},{\"@type\":\"WebSite\",\"@id\":\"https:\\\/\\\/hridiomas.com\\\/aprender-espanhol\\\/#website\",\"url\":\"https:\\\/\\\/hridiomas.com\\\/aprender-espanhol\\\/\",\"name\":\"Aprender Espanhol\",\"description\":\"Dicas para aprender espanhol\",\"alternateName\":\"Espanhol\",\"potentialAction\":[{\"@type\":\"SearchAction\",\"target\":{\"@type\":\"EntryPoint\",\"urlTemplate\":\"https:\\\/\\\/hridiomas.com\\\/aprender-espanhol\\\/?s={search_term_string}\"},\"query-input\":{\"@type\":\"PropertyValueSpecification\",\"valueRequired\":true,\"valueName\":\"search_term_string\"}}],\"inLanguage\":\"pt-BR\"},{\"@type\":\"Person\",\"@id\":\"https:\\\/\\\/hridiomas.com\\\/aprender-espanhol\\\/#\\\/schema\\\/person\\\/074f113560c2f5d2d8531b6fb060d851\",\"name\":\"hridiomas\",\"image\":{\"@type\":\"ImageObject\",\"inLanguage\":\"pt-BR\",\"@id\":\"https:\\\/\\\/hridiomas.com\\\/aprender-espanhol\\\/wp-content\\\/litespeed\\\/avatar\\\/4\\\/fb2620c0c0ccd633ad511be1feb4af56.jpg?ver=1777487470\",\"url\":\"https:\\\/\\\/hridiomas.com\\\/aprender-espanhol\\\/wp-content\\\/litespeed\\\/avatar\\\/4\\\/fb2620c0c0ccd633ad511be1feb4af56.jpg?ver=1777487470\",\"contentUrl\":\"https:\\\/\\\/hridiomas.com\\\/aprender-espanhol\\\/wp-content\\\/litespeed\\\/avatar\\\/4\\\/fb2620c0c0ccd633ad511be1feb4af56.jpg?ver=1777487470\",\"caption\":\"hridiomas\"}}]}<\/script>\n<!-- \/ Yoast SEO Premium plugin. -->","yoast_head_json":{"title":"Uso dos comparativos em espanhol &#8226; Aprender Espanhol","description":"Os comparativos s\u00e3o fundamentais para expressar rela\u00e7\u00f5es de superioridade, inferioridade ou igualdade entre pessoas, objetos ou situa\u00e7\u00f5es.","robots":{"index":"index","follow":"follow","max-snippet":"max-snippet:-1","max-image-preview":"max-image-preview:large","max-video-preview":"max-video-preview:-1"},"canonical":"https:\/\/hridiomas.com\/aprender-espanhol\/uso-dos-comparativos-em-espanhol\/","og_locale":"pt_BR","og_type":"article","og_title":"Uso dos comparativos em espanhol &#8226; Aprender Espanhol","og_description":"Os comparativos s\u00e3o fundamentais para expressar rela\u00e7\u00f5es de superioridade, inferioridade ou igualdade entre pessoas, objetos ou situa\u00e7\u00f5es.","og_url":"https:\/\/hridiomas.com\/aprender-espanhol\/uso-dos-comparativos-em-espanhol\/","og_site_name":"Aprender Espanhol","article_publisher":"https:\/\/www.facebook.com\/hridiomas","article_published_time":"2024-12-17T14:12:04+00:00","article_modified_time":"2025-01-29T17:26:35+00:00","og_image":[{"width":1920,"height":1280,"url":"https:\/\/hridiomas.com\/aprender-espanhol\/wp-content\/uploads\/sites\/4\/2024\/12\/destaque-11.jpg","type":"image\/jpeg"}],"author":"hridiomas","twitter_card":"summary_large_image","twitter_creator":"@hridiomas","twitter_site":"@hridiomas","schema":{"@context":"https:\/\/schema.org","@graph":[{"@type":"Article","@id":"https:\/\/hridiomas.com\/aprender-espanhol\/uso-dos-comparativos-em-espanhol\/#article","isPartOf":{"@id":"https:\/\/hridiomas.com\/aprender-espanhol\/uso-dos-comparativos-em-espanhol\/"},"author":{"name":"hridiomas","@id":"https:\/\/hridiomas.com\/aprender-espanhol\/#\/schema\/person\/074f113560c2f5d2d8531b6fb060d851"},"headline":"Uso dos comparativos em espanhol","datePublished":"2024-12-17T14:12:04+00:00","dateModified":"2025-01-29T17:26:35+00:00","mainEntityOfPage":{"@id":"https:\/\/hridiomas.com\/aprender-espanhol\/uso-dos-comparativos-em-espanhol\/"},"wordCount":672,"image":{"@id":"https:\/\/hridiomas.com\/aprender-espanhol\/uso-dos-comparativos-em-espanhol\/#primaryimage"},"thumbnailUrl":"https:\/\/hridiomas.com\/aprender-espanhol\/wp-content\/uploads\/sites\/4\/2024\/12\/destaque-11.jpg","keywords":["adjetivos"],"articleSection":["Gram\u00e1tica"],"inLanguage":"pt-BR"},{"@type":"WebPage","@id":"https:\/\/hridiomas.com\/aprender-espanhol\/uso-dos-comparativos-em-espanhol\/","url":"https:\/\/hridiomas.com\/aprender-espanhol\/uso-dos-comparativos-em-espanhol\/","name":"Uso dos comparativos em espanhol &#8226; Aprender Espanhol","isPartOf":{"@id":"https:\/\/hridiomas.com\/aprender-espanhol\/#website"},"primaryImageOfPage":{"@id":"https:\/\/hridiomas.com\/aprender-espanhol\/uso-dos-comparativos-em-espanhol\/#primaryimage"},"image":{"@id":"https:\/\/hridiomas.com\/aprender-espanhol\/uso-dos-comparativos-em-espanhol\/#primaryimage"},"thumbnailUrl":"https:\/\/hridiomas.com\/aprender-espanhol\/wp-content\/uploads\/sites\/4\/2024\/12\/destaque-11.jpg","datePublished":"2024-12-17T14:12:04+00:00","dateModified":"2025-01-29T17:26:35+00:00","author":{"@id":"https:\/\/hridiomas.com\/aprender-espanhol\/#\/schema\/person\/074f113560c2f5d2d8531b6fb060d851"},"description":"Os comparativos s\u00e3o fundamentais para expressar rela\u00e7\u00f5es de superioridade, inferioridade ou igualdade entre pessoas, objetos ou situa\u00e7\u00f5es.","breadcrumb":{"@id":"https:\/\/hridiomas.com\/aprender-espanhol\/uso-dos-comparativos-em-espanhol\/#breadcrumb"},"inLanguage":"pt-BR","potentialAction":[{"@type":"ReadAction","target":["https:\/\/hridiomas.com\/aprender-espanhol\/uso-dos-comparativos-em-espanhol\/"]}]},{"@type":"ImageObject","inLanguage":"pt-BR","@id":"https:\/\/hridiomas.com\/aprender-espanhol\/uso-dos-comparativos-em-espanhol\/#primaryimage","url":"https:\/\/hridiomas.com\/aprender-espanhol\/wp-content\/uploads\/sites\/4\/2024\/12\/destaque-11.jpg","contentUrl":"https:\/\/hridiomas.com\/aprender-espanhol\/wp-content\/uploads\/sites\/4\/2024\/12\/destaque-11.jpg","width":1920,"height":1280},{"@type":"BreadcrumbList","@id":"https:\/\/hridiomas.com\/aprender-espanhol\/uso-dos-comparativos-em-espanhol\/#breadcrumb","itemListElement":[{"@type":"ListItem","position":1,"name":"In\u00edcio","item":"https:\/\/hridiomas.com\/aprender-espanhol\/"},{"@type":"ListItem","position":2,"name":"Uso dos comparativos em espanhol"}]},{"@type":"WebSite","@id":"https:\/\/hridiomas.com\/aprender-espanhol\/#website","url":"https:\/\/hridiomas.com\/aprender-espanhol\/","name":"Aprender Espanhol","description":"Dicas para aprender espanhol","alternateName":"Espanhol","potentialAction":[{"@type":"SearchAction","target":{"@type":"EntryPoint","urlTemplate":"https:\/\/hridiomas.com\/aprender-espanhol\/?s={search_term_string}"},"query-input":{"@type":"PropertyValueSpecification","valueRequired":true,"valueName":"search_term_string"}}],"inLanguage":"pt-BR"},{"@type":"Person","@id":"https:\/\/hridiomas.com\/aprender-espanhol\/#\/schema\/person\/074f113560c2f5d2d8531b6fb060d851","name":"hridiomas","image":{"@type":"ImageObject","inLanguage":"pt-BR","@id":"https:\/\/hridiomas.com\/aprender-espanhol\/wp-content\/litespeed\/avatar\/4\/fb2620c0c0ccd633ad511be1feb4af56.jpg?ver=1777487470","url":"https:\/\/hridiomas.com\/aprender-espanhol\/wp-content\/litespeed\/avatar\/4\/fb2620c0c0ccd633ad511be1feb4af56.jpg?ver=1777487470","contentUrl":"https:\/\/hridiomas.com\/aprender-espanhol\/wp-content\/litespeed\/avatar\/4\/fb2620c0c0ccd633ad511be1feb4af56.jpg?ver=1777487470","caption":"hridiomas"}}]}},"_links":{"self":[{"href":"https:\/\/hridiomas.com\/aprender-espanhol\/wp-json\/wp\/v2\/posts\/2682","targetHints":{"allow":["GET"]}}],"collection":[{"href":"https:\/\/hridiomas.com\/aprender-espanhol\/wp-json\/wp\/v2\/posts"}],"about":[{"href":"https:\/\/hridiomas.com\/aprender-espanhol\/wp-json\/wp\/v2\/types\/post"}],"author":[{"embeddable":true,"href":"https:\/\/hridiomas.com\/aprender-espanhol\/wp-json\/wp\/v2\/users\/1"}],"replies":[{"embeddable":true,"href":"https:\/\/hridiomas.com\/aprender-espanhol\/wp-json\/wp\/v2\/comments?post=2682"}],"version-history":[{"count":0,"href":"https:\/\/hridiomas.com\/aprender-espanhol\/wp-json\/wp\/v2\/posts\/2682\/revisions"}],"wp:featuredmedia":[{"embeddable":true,"href":"https:\/\/hridiomas.com\/aprender-espanhol\/wp-json\/wp\/v2\/media\/2686"}],"wp:attachment":[{"href":"https:\/\/hridiomas.com\/aprender-espanhol\/wp-json\/wp\/v2\/media?parent=2682"}],"wp:term":[{"taxonomy":"category","embeddable":true,"href":"https:\/\/hridiomas.com\/aprender-espanhol\/wp-json\/wp\/v2\/categories?post=2682"},{"taxonomy":"post_tag","embeddable":true,"href":"https:\/\/hridiomas.com\/aprender-espanhol\/wp-json\/wp\/v2\/tags?post=2682"}],"curies":[{"name":"wp","href":"https:\/\/api.w.org\/{rel}","templated":true}]}}