{"id":400,"date":"2021-07-12T22:24:35","date_gmt":"2021-07-13T01:24:35","guid":{"rendered":"https:\/\/hridiomas.com\/aprender-alemao\/?p=400"},"modified":"2023-12-14T22:49:23","modified_gmt":"2023-12-15T01:49:23","slug":"reforma-ortografica-alema-de-1996","status":"publish","type":"post","link":"https:\/\/hridiomas.com\/aprender-alemao\/reforma-ortografica-alema-de-1996\/","title":{"rendered":"Reforma ortogr\u00e1fica alem\u00e3 de 1996"},"content":{"rendered":"\n<p>A <strong>reforma da ortografia alem\u00e3 de 1996<\/strong> (<em><em>Reform der deutschen Rechtschreibung von 1996<\/em><\/em>) foi um acordo firmado em Viena em Julho de 1996 pelos governos dos pa\u00edses de l\u00edngua alem\u00e3 (Alemanha, \u00c1ustria, Liechtenstein e Su\u00ed\u00e7a). O Luxemburgo, pa\u00eds tril\u00edngue, sendo o alem\u00e3o uma das l\u00ednguas oficias, n\u00e3o apoiou esta reforma, mas segue as regras definidas por esta. <\/p>\n\n\n\n<p>Das 212 regras que regiam a ortografia alem\u00e3, restaram 112. Embora o n\u00famero de regras tenha sido reduzido, o n\u00famero de exce\u00e7\u00f5es \u00e0s regras subiu proporcionalmente.<\/p>\n\n\n\n<p>De acordo com a decis\u00e3o do Tribunal Constitucional Federal da Alemanha, fora do sistema de ensino qualquer cidad\u00e3o \u00e9 livre de escrever como entender, j\u00e1 que n\u00e3o h\u00e1 uma lei aprovada que delibere uma ortografia oficial do pa\u00eds. A nova ortografia s\u00f3 obrigat\u00f3ria apenas nas escolas.<\/p>\n\n\n\n<p>Como consequ\u00eancia, a maioria das pessoas continua a usar a <a href=\"https:\/\/hridiomas.com\/aprender-alemao\/gramatica-essencial-da-lingua-alema\/\" target=\"_blank\" rel=\"noreferrer noopener\">ortografia tradicional alem\u00e3.<\/a> Segundo os cr\u00edticos isto tem resultado numa inseguran\u00e7a geral e no risco de <em>Beliebigkeitsschreibung <\/em>(grafias arbitr\u00e1rias). Por exemplo, entre a tradicional <em>Schlo\u00dfstra\u00dfe <\/em>(rua do castelo) e a nova <em>Schlossstra\u00dfe <\/em>podem surgir vers\u00f5es erradas, como <em>Schlo\u00dfstrasse <\/em>ou <em>Schlossstrasse<\/em>; apesar desta \u00faltima forma ser a correta na Su\u00ed\u00e7a, onde o \u00df h\u00e1 muito caiu em desuso.<\/p>\n\n\n\n<h2 class=\"wp-block-heading\" id=\"h-novas-regras\">Novas regras<\/h2>\n\n\n\n<p>A <a href=\"https:\/\/hridiomas.com\/aprender-alemao\/gramatica-essencial-da-lingua-alema\/\" target=\"_blank\" rel=\"noreferrer noopener\">nova ortografia<\/a> (<em>Neue Rechtschreibung<\/em>) \u00e9 uma tentativa de simplificar a escrita, tornando mais f\u00e1cil a sua aprendizagem, sem alterar substancialmente as regras b\u00e1sicas do alem\u00e3o. As novas regras centram-se nos seguintes pontos:<\/p>\n\n\n\n<ul class=\"wp-block-list\">\n<li>correspond\u00eancia entre letras e sons (incluindo os estrangeirismos)<\/li>\n\n\n\n<li>uso das mai\u00fasculas<\/li>\n\n\n\n<li>palavras que se escrevem juntas ou separadas<\/li>\n\n\n\n<li>uso do h\u00edfen<\/li>\n\n\n\n<li>pontua\u00e7\u00e3o<\/li>\n\n\n\n<li>separa\u00e7\u00e3o das palavras no final da linha<\/li>\n<\/ul>\n\n\n\n<p>Os top\u00f3nimos e os apelidos n\u00e3o s\u00e3o afetados por esta reforma.<\/p>\n\n\n\n<h3 class=\"wp-block-heading\" id=\"h-sons-e-letras\">Sons e letras<\/h3>\n\n\n\n<p>A reforma pretende sistematizar a correspond\u00eancia entre os sons (fonemas) e as letras (grafemas) e fortalecer o princ\u00edpio de que as palavras derivadas devem escrever-se da mesma forma da original.<\/p>\n\n\n\n<p><strong>\u00df e ss:<\/strong> um grande mito desta reforma ortogr\u00e1fica \u00e9 que se quer acabar com a letra \u00df. A \u00fanica coisa que muda \u00e9 o seu uso: com a nova reforma, \u00df s\u00f3 aparece atr\u00e1s de vogais longas e ditongos. Atr\u00e1s de vogal curta escreve-se &#8220;ss&#8221; ou &#8220;s&#8221;.<\/p>\n\n\n\n<ul class=\"wp-block-list\">\n<li><em>der Flu\u00df <\/em>\u2192 <em>der Fluss <\/em>(o rio)<\/li>\n\n\n\n<li><em>Ich m\u00f6chte, da\u00df du kommst.<\/em> \u2192 \u2026, <em>dass du kommst<\/em> (eu quero que tu venhas)<\/li>\n\n\n\n<li>mas <em>das Haus <\/em>\u2192 <em>das Haus<\/em> (a casa)<\/li>\n<\/ul>\n\n\n\n<p>Tal como antes da reforma, na Su\u00ed\u00e7a e no Liechtenstein usa-se &#8220;ss&#8221; em lugar de &#8220;\u00df&#8221;. Na Alemanha e na \u00c1ustria mant\u00e9m-se sob as novas regras simplificadas. O &#8220;\u00df&#8221; pode ser substitu\u00eddo por &#8220;ss&#8221; se n\u00e3o se puder escrever por motivos t\u00e9cnicos. Tal como antes da reforma, &#8220;\u00df&#8221; n\u00e3o existe em mai\u00fasculas. Se houver que escrever em mai\u00fasculas, escreve-se sempre &#8220;SS&#8221; em lugar de &#8220;\u00df&#8221;: por exemplo, <em>Fu\u00dfball <\/em>(futebol) passa a <em>FUSSBALL <\/em>em mai\u00fasculas.<\/p>\n\n\n\n<p>As <strong>consoantes triplas<\/strong> deixam de reduzir-se a duas:<\/p>\n\n\n\n<ul class=\"wp-block-list\">\n<li><em>Schiffahrt <\/em>\u2192 <em>Schifffahrt de Schiff<\/em> + <em>Fahrt <\/em>(viagem de barco)<\/li>\n<\/ul>\n\n\n\n<p>As <strong>consonantes duplas<\/strong> escrevem-se depois de vogais curtas, mesmo que v\u00e3o no final de palavra, em conson\u00e2ncia com as formas plurais:<\/p>\n\n\n\n<ul class=\"wp-block-list\">\n<li><em>As <\/em>\u2192 <em>Ass <\/em>fazendo o plural <em>Asse <\/em>(\u00e1s, ases)<\/li>\n<\/ul>\n\n\n\n<p><strong>Mudan\u00e7as voc\u00e1licas<\/strong>, especialmente &#8220;\u00e4&#8221; por &#8220;e&#8221;, ou vice-versa, para ficar em conson\u00e2ncia com a fam\u00edlia das palavras:<\/p>\n\n\n\n<ul class=\"wp-block-list\">\n<li><em>Stengel <\/em>\u2192 <em>St\u00e4ngel <\/em>(haste) por causa de <em>Stange <\/em>(barra)<\/li>\n<\/ul>\n\n\n\n<p>Outras mudan\u00e7as menores para reduzir a grande quantidade de <strong>exce\u00e7\u00f5es <\/strong>e escritas alternativas:<\/p>\n\n\n\n<ul class=\"wp-block-list\">\n<li><em>rauh <\/em>\u2192 <em>rau <\/em>(cru) por causa de <em>bau<\/em>, <em>grau<\/em>, <em>genau<\/em><\/li>\n<\/ul>\n\n\n\n<p>V\u00e1rios <strong>empr\u00e9stimos <\/strong>de origem estrangeira agora t\u00eam uma ortografia mais pr\u00f3xima do alem\u00e3o. Especialmente os sufixos <em>-phon<\/em>, <em>-phot <\/em>e<em> -graph<\/em>, que agora se podem escrever com f.<\/p>\n\n\n\n<h3 class=\"wp-block-heading\" id=\"h-maiusculas\">Mai\u00fasculas<\/h3>\n\n\n\n<p>A reforma tenta uniformizar o uso das mai\u00fasculas nos nomes e clarificar os seus crit\u00e9rios de utiliza\u00e7\u00e3o.<\/p>\n\n\n\n<ul class=\"wp-block-list\">\n<li><em>infrage stellen <\/em>\u2192<em> in Frage stellen<\/em> (p\u00f4r em quest\u00e3o; <em>Frage <\/em>-quest\u00e3o- \u00e9 substantivo e deve ir em mai\u00fasculas)<\/li>\n\n\n\n<li><em>eislaufen <\/em>\u2192 <em>Eis laufen<\/em> (patinar sobre gelo; <em>Eis <\/em>-gelo- \u00e9 substantivo)<\/li>\n<\/ul>\n\n\n\n<p>Agora permite-se o uso de mai\u00fasculas ap\u00f3s dois pontos. As mai\u00fasculas de cortesia usadas em cartas nas palavras <em>du<\/em>, <em>dein<\/em>, <em>ihr<\/em>, <em>euch <\/em>ficam abolidas, apesar de se manterem nas formas formais <em>Sie <\/em>e <em>Ihnen<\/em>.<\/p>\n\n\n\n<h3 class=\"wp-block-heading\" id=\"h-palavras-compostas\">Palavras compostas<\/h3>\n\n\n\n<p>Como antes, os nomes compostos escrevem-se juntos, mas outro tipo de compostos passam a escrever-se separados.<\/p>\n\n\n\n<p>Os compostos de substantivo e verbo geralmente separam-se:<\/p>\n\n\n\n<ul class=\"wp-block-list\">\n<li><em>radfahren <\/em>\u2192<em> Rad fahren<\/em> (conduzir bicicleta)<\/li>\n<\/ul>\n\n\n\n<p>Os verbos compostos com um infinitivo separam-se:<\/p>\n\n\n\n<ul class=\"wp-block-list\">\n<li><em>kennenlernen <\/em>\u2192 <em>kennen lernen<\/em> (conhecer pela primeira vez)<\/li>\n<\/ul>\n\n\n\n<p>Outras constru\u00e7\u00f5es admitem agora grafias facultativas:<\/p>\n\n\n\n<ul class=\"wp-block-list\">\n<li><em>an Stelle von<\/em> ou <em>anstelle von<\/em> (em lugar de)<\/li>\n<\/ul>\n\n\n\n<p>H\u00e1 mudan\u00e7as subtis no significado, quando as novas formas coincidem com formas j\u00e1 existentes:<\/p>\n\n\n\n<p><em>vielversprechend <\/em>\u2192 <em>viel versprechend<\/em> (literalmente &#8220;prometendo muito&#8221;; no entanto, o significado da primeira forma \u00e9 &#8220;muito prometedor&#8221; enquanto que a segunda forma significa &#8220;prometedor de muitas coisas&#8221;)<\/p>\n\n\n\n<h3 class=\"wp-block-heading\" id=\"h-excecoes\">Exce\u00e7\u00f5es<\/h3>\n\n\n\n<p><strong>Sobrenomes: <\/strong>est\u00e3o completamente exclu\u00eddos das regras e n\u00e3o s\u00e3o afetados pela reforma; isso tamb\u00e9m se aplica a nomes pr\u00f3prios. <\/p>\n\n\n\n<p><strong>Nomes de locais:<\/strong> n\u00e3o est\u00e3o estritamente sujeitos \u00e0s regras. O <em>St\u00e4ndiger Ausschuss f\u00fcr geographische Namen<\/em> (Comit\u00e9 Permanente dos Nomes Geogr\u00e1ficos) alem\u00e3o recomenda vivamente a aplica\u00e7\u00e3o das regras para novos nomes, mas salienta que tal se aplica apenas quando s\u00e3o atribu\u00eddos novos nomes ou quando as autoridades competentes decidem modificar os nomes existentes.<\/p>\n\n\n\n<p><a href=\"https:\/\/pt.wikipedia.org\/wiki\/Reforma_ortogr%C3%A1fica_alem%C3%A3_de_1996\" target=\"_blank\" rel=\"noreferrer noopener\">Conhe\u00e7a a Hist\u00f3ria da reforma ortogr\u00e1fica de 1996<\/a> e <a href=\"https:\/\/pt.wikipedia.org\/wiki\/Reforma_ortogr%C3%A1fica_alem%C3%A3_de_1996\" target=\"_blank\" rel=\"noreferrer noopener\">Aceita\u00e7\u00e3o da reforma<\/a><\/p>\n\n\n\n<hr class=\"wp-block-separator has-css-opacity is-style-dots\"\/>\n\n\n\n<p>Fontes: <a href=\"https:\/\/pt.wikipedia.org\/wiki\/Reforma_ortogr%C3%A1fica_alem%C3%A3_de_1996\" target=\"_blank\" rel=\"noreferrer noopener\">Reforma ortogr\u00e1fica alem\u00e3 de 1996<\/a><\/p>\n","protected":false},"excerpt":{"rendered":"<p>A reforma da ortografia alem\u00e3 de 1996 (Reform der deutschen Rechtschreibung von 1996) foi um acordo firmado em Viena em Julho de 1996 pelos governos dos pa\u00edses de l\u00edngua alem\u00e3 (Alemanha, \u00c1ustria, Liechtenstein e Su\u00ed\u00e7a). O Luxemburgo, pa\u00eds tril\u00edngue, sendo o alem\u00e3o uma das l\u00ednguas oficias, n\u00e3o apoiou esta reforma, mas segue as regras definidas<\/p>\n","protected":false},"author":1,"featured_media":403,"comment_status":"closed","ping_status":"closed","sticky":false,"template":"","format":"standard","meta":{"footnotes":""},"categories":[16],"tags":[187],"class_list":{"0":"post-400","1":"post","2":"type-post","3":"status-publish","4":"format-standard","5":"has-post-thumbnail","7":"category-gramatica","8":"tag-alfabeto"},"yoast_head":"<!-- This site is optimized with the Yoast SEO Premium plugin v26.5 (Yoast SEO v27.4) - https:\/\/yoast.com\/product\/yoast-seo-premium-wordpress\/ -->\n<title>Reforma ortogr\u00e1fica alem\u00e3 de 1996 &#8226; Aprender Alem\u00e3o<\/title>\n<meta name=\"description\" content=\"A reforma da ortografia alem\u00e3 de 1996 foi um acordo firmado em Viena em Julho de 1996 pelos governos dos pa\u00edses de l\u00edngua alem\u00e3.\" \/>\n<meta name=\"robots\" content=\"index, follow, max-snippet:-1, max-image-preview:large, max-video-preview:-1\" \/>\n<link rel=\"canonical\" href=\"https:\/\/hridiomas.com\/aprender-alemao\/reforma-ortografica-alema-de-1996\/\" \/>\n<meta property=\"og:locale\" content=\"pt_BR\" \/>\n<meta property=\"og:type\" content=\"article\" \/>\n<meta property=\"og:title\" content=\"Reforma ortogr\u00e1fica alem\u00e3 de 1996 &#8226; Aprender Alem\u00e3o\" \/>\n<meta property=\"og:description\" content=\"A reforma da ortografia alem\u00e3 de 1996 foi um acordo firmado em Viena em Julho de 1996 pelos governos dos pa\u00edses de l\u00edngua alem\u00e3.\" \/>\n<meta property=\"og:url\" content=\"https:\/\/hridiomas.com\/aprender-alemao\/reforma-ortografica-alema-de-1996\/\" \/>\n<meta property=\"og:site_name\" content=\"Aprender Alem\u00e3o\" \/>\n<meta property=\"article:publisher\" content=\"https:\/\/www.facebook.com\/hridiomas\" \/>\n<meta property=\"article:published_time\" content=\"2021-07-13T01:24:35+00:00\" \/>\n<meta property=\"article:modified_time\" content=\"2023-12-15T01:49:23+00:00\" \/>\n<meta property=\"og:image\" content=\"http:\/\/hridiomas.com\/aprender-alemao\/wp-content\/uploads\/sites\/6\/2021\/07\/destaque-7.jpg\" \/>\n\t<meta property=\"og:image:width\" content=\"1920\" \/>\n\t<meta property=\"og:image:height\" content=\"1281\" \/>\n\t<meta property=\"og:image:type\" content=\"image\/jpeg\" \/>\n<meta name=\"author\" content=\"hridiomas\" \/>\n<meta name=\"twitter:card\" content=\"summary_large_image\" \/>\n<meta name=\"twitter:creator\" content=\"@hridiomas\" \/>\n<meta name=\"twitter:site\" content=\"@hridiomas\" \/>\n<meta name=\"twitter:label1\" content=\"Escrito por\" \/>\n\t<meta name=\"twitter:data1\" content=\"hridiomas\" \/>\n\t<meta name=\"twitter:label2\" content=\"Est. tempo de leitura\" \/>\n\t<meta name=\"twitter:data2\" content=\"10 minutos\" \/>\n<script type=\"application\/ld+json\" class=\"yoast-schema-graph\">{\"@context\":\"https:\\\/\\\/schema.org\",\"@graph\":[{\"@type\":\"Article\",\"@id\":\"https:\\\/\\\/hridiomas.com\\\/aprender-alemao\\\/reforma-ortografica-alema-de-1996\\\/#article\",\"isPartOf\":{\"@id\":\"https:\\\/\\\/hridiomas.com\\\/aprender-alemao\\\/reforma-ortografica-alema-de-1996\\\/\"},\"author\":{\"name\":\"hridiomas\",\"@id\":\"https:\\\/\\\/hridiomas.com\\\/aprender-alemao\\\/#\\\/schema\\\/person\\\/074f113560c2f5d2d8531b6fb060d851\"},\"headline\":\"Reforma ortogr\u00e1fica alem\u00e3 de 1996\",\"datePublished\":\"2021-07-13T01:24:35+00:00\",\"dateModified\":\"2023-12-15T01:49:23+00:00\",\"mainEntityOfPage\":{\"@id\":\"https:\\\/\\\/hridiomas.com\\\/aprender-alemao\\\/reforma-ortografica-alema-de-1996\\\/\"},\"wordCount\":923,\"publisher\":{\"@id\":\"https:\\\/\\\/hridiomas.com\\\/aprender-alemao\\\/#organization\"},\"image\":{\"@id\":\"https:\\\/\\\/hridiomas.com\\\/aprender-alemao\\\/reforma-ortografica-alema-de-1996\\\/#primaryimage\"},\"thumbnailUrl\":\"https:\\\/\\\/hridiomas.com\\\/aprender-alemao\\\/wp-content\\\/uploads\\\/sites\\\/6\\\/2021\\\/07\\\/destaque-7.jpg\",\"keywords\":[\"alfabeto\"],\"articleSection\":[\"Gram\u00e1tica\"],\"inLanguage\":\"pt-BR\"},{\"@type\":\"WebPage\",\"@id\":\"https:\\\/\\\/hridiomas.com\\\/aprender-alemao\\\/reforma-ortografica-alema-de-1996\\\/\",\"url\":\"https:\\\/\\\/hridiomas.com\\\/aprender-alemao\\\/reforma-ortografica-alema-de-1996\\\/\",\"name\":\"Reforma ortogr\u00e1fica alem\u00e3 de 1996 &#8226; Aprender Alem\u00e3o\",\"isPartOf\":{\"@id\":\"https:\\\/\\\/hridiomas.com\\\/aprender-alemao\\\/#website\"},\"primaryImageOfPage\":{\"@id\":\"https:\\\/\\\/hridiomas.com\\\/aprender-alemao\\\/reforma-ortografica-alema-de-1996\\\/#primaryimage\"},\"image\":{\"@id\":\"https:\\\/\\\/hridiomas.com\\\/aprender-alemao\\\/reforma-ortografica-alema-de-1996\\\/#primaryimage\"},\"thumbnailUrl\":\"https:\\\/\\\/hridiomas.com\\\/aprender-alemao\\\/wp-content\\\/uploads\\\/sites\\\/6\\\/2021\\\/07\\\/destaque-7.jpg\",\"datePublished\":\"2021-07-13T01:24:35+00:00\",\"dateModified\":\"2023-12-15T01:49:23+00:00\",\"description\":\"A reforma da ortografia alem\u00e3 de 1996 foi um acordo firmado em Viena em Julho de 1996 pelos governos dos pa\u00edses de l\u00edngua alem\u00e3.\",\"breadcrumb\":{\"@id\":\"https:\\\/\\\/hridiomas.com\\\/aprender-alemao\\\/reforma-ortografica-alema-de-1996\\\/#breadcrumb\"},\"inLanguage\":\"pt-BR\",\"potentialAction\":[{\"@type\":\"ReadAction\",\"target\":[\"https:\\\/\\\/hridiomas.com\\\/aprender-alemao\\\/reforma-ortografica-alema-de-1996\\\/\"]}]},{\"@type\":\"ImageObject\",\"inLanguage\":\"pt-BR\",\"@id\":\"https:\\\/\\\/hridiomas.com\\\/aprender-alemao\\\/reforma-ortografica-alema-de-1996\\\/#primaryimage\",\"url\":\"https:\\\/\\\/hridiomas.com\\\/aprender-alemao\\\/wp-content\\\/uploads\\\/sites\\\/6\\\/2021\\\/07\\\/destaque-7.jpg\",\"contentUrl\":\"https:\\\/\\\/hridiomas.com\\\/aprender-alemao\\\/wp-content\\\/uploads\\\/sites\\\/6\\\/2021\\\/07\\\/destaque-7.jpg\",\"width\":1920,\"height\":1281},{\"@type\":\"BreadcrumbList\",\"@id\":\"https:\\\/\\\/hridiomas.com\\\/aprender-alemao\\\/reforma-ortografica-alema-de-1996\\\/#breadcrumb\",\"itemListElement\":[{\"@type\":\"ListItem\",\"position\":1,\"name\":\"In\u00edcio\",\"item\":\"https:\\\/\\\/hridiomas.com\\\/aprender-alemao\\\/\"},{\"@type\":\"ListItem\",\"position\":2,\"name\":\"Reforma ortogr\u00e1fica alem\u00e3 de 1996\"}]},{\"@type\":\"WebSite\",\"@id\":\"https:\\\/\\\/hridiomas.com\\\/aprender-alemao\\\/#website\",\"url\":\"https:\\\/\\\/hridiomas.com\\\/aprender-alemao\\\/\",\"name\":\"Aprender Alem\u00e3o\",\"description\":\"Dicas para aprender alem\u00e3o\",\"publisher\":{\"@id\":\"https:\\\/\\\/hridiomas.com\\\/aprender-alemao\\\/#organization\"},\"alternateName\":\"Alem\u00e3o\",\"potentialAction\":[{\"@type\":\"SearchAction\",\"target\":{\"@type\":\"EntryPoint\",\"urlTemplate\":\"https:\\\/\\\/hridiomas.com\\\/aprender-alemao\\\/?s={search_term_string}\"},\"query-input\":{\"@type\":\"PropertyValueSpecification\",\"valueRequired\":true,\"valueName\":\"search_term_string\"}}],\"inLanguage\":\"pt-BR\"},{\"@type\":\"Organization\",\"@id\":\"https:\\\/\\\/hridiomas.com\\\/aprender-alemao\\\/#organization\",\"name\":\"HR idiomas\",\"url\":\"https:\\\/\\\/hridiomas.com\\\/aprender-alemao\\\/\",\"logo\":{\"@type\":\"ImageObject\",\"inLanguage\":\"pt-BR\",\"@id\":\"https:\\\/\\\/hridiomas.com\\\/aprender-alemao\\\/#\\\/schema\\\/logo\\\/image\\\/\",\"url\":\"https:\\\/\\\/hridiomas.com\\\/aprender-alemao\\\/wp-content\\\/uploads\\\/sites\\\/6\\\/2021\\\/04\\\/hricon-al.png\",\"contentUrl\":\"https:\\\/\\\/hridiomas.com\\\/aprender-alemao\\\/wp-content\\\/uploads\\\/sites\\\/6\\\/2021\\\/04\\\/hricon-al.png\",\"width\":512,\"height\":512,\"caption\":\"HR idiomas\"},\"image\":{\"@id\":\"https:\\\/\\\/hridiomas.com\\\/aprender-alemao\\\/#\\\/schema\\\/logo\\\/image\\\/\"},\"sameAs\":[\"https:\\\/\\\/www.facebook.com\\\/hridiomas\",\"https:\\\/\\\/x.com\\\/hridiomas\",\"https:\\\/\\\/www.instagram.com\\\/hridiomas\",\"https:\\\/\\\/www.linkedin.com\\\/company\\\/hridiomas\",\"https:\\\/\\\/www.youtube.com\\\/c\\\/HridiomasBr\"]},{\"@type\":\"Person\",\"@id\":\"https:\\\/\\\/hridiomas.com\\\/aprender-alemao\\\/#\\\/schema\\\/person\\\/074f113560c2f5d2d8531b6fb060d851\",\"name\":\"hridiomas\",\"image\":{\"@type\":\"ImageObject\",\"inLanguage\":\"pt-BR\",\"@id\":\"https:\\\/\\\/hridiomas.com\\\/aprender-alemao\\\/wp-content\\\/litespeed\\\/avatar\\\/6\\\/fb2620c0c0ccd633ad511be1feb4af56.jpg?ver=1776919579\",\"url\":\"https:\\\/\\\/hridiomas.com\\\/aprender-alemao\\\/wp-content\\\/litespeed\\\/avatar\\\/6\\\/fb2620c0c0ccd633ad511be1feb4af56.jpg?ver=1776919579\",\"contentUrl\":\"https:\\\/\\\/hridiomas.com\\\/aprender-alemao\\\/wp-content\\\/litespeed\\\/avatar\\\/6\\\/fb2620c0c0ccd633ad511be1feb4af56.jpg?ver=1776919579\",\"caption\":\"hridiomas\"}}]}<\/script>\n<!-- \/ Yoast SEO Premium plugin. -->","yoast_head_json":{"title":"Reforma ortogr\u00e1fica alem\u00e3 de 1996 &#8226; Aprender Alem\u00e3o","description":"A reforma da ortografia alem\u00e3 de 1996 foi um acordo firmado em Viena em Julho de 1996 pelos governos dos pa\u00edses de l\u00edngua alem\u00e3.","robots":{"index":"index","follow":"follow","max-snippet":"max-snippet:-1","max-image-preview":"max-image-preview:large","max-video-preview":"max-video-preview:-1"},"canonical":"https:\/\/hridiomas.com\/aprender-alemao\/reforma-ortografica-alema-de-1996\/","og_locale":"pt_BR","og_type":"article","og_title":"Reforma ortogr\u00e1fica alem\u00e3 de 1996 &#8226; Aprender Alem\u00e3o","og_description":"A reforma da ortografia alem\u00e3 de 1996 foi um acordo firmado em Viena em Julho de 1996 pelos governos dos pa\u00edses de l\u00edngua alem\u00e3.","og_url":"https:\/\/hridiomas.com\/aprender-alemao\/reforma-ortografica-alema-de-1996\/","og_site_name":"Aprender Alem\u00e3o","article_publisher":"https:\/\/www.facebook.com\/hridiomas","article_published_time":"2021-07-13T01:24:35+00:00","article_modified_time":"2023-12-15T01:49:23+00:00","og_image":[{"width":1920,"height":1281,"url":"http:\/\/hridiomas.com\/aprender-alemao\/wp-content\/uploads\/sites\/6\/2021\/07\/destaque-7.jpg","type":"image\/jpeg"}],"author":"hridiomas","twitter_card":"summary_large_image","twitter_creator":"@hridiomas","twitter_site":"@hridiomas","twitter_misc":{"Escrito por":"hridiomas","Est. tempo de leitura":"10 minutos"},"schema":{"@context":"https:\/\/schema.org","@graph":[{"@type":"Article","@id":"https:\/\/hridiomas.com\/aprender-alemao\/reforma-ortografica-alema-de-1996\/#article","isPartOf":{"@id":"https:\/\/hridiomas.com\/aprender-alemao\/reforma-ortografica-alema-de-1996\/"},"author":{"name":"hridiomas","@id":"https:\/\/hridiomas.com\/aprender-alemao\/#\/schema\/person\/074f113560c2f5d2d8531b6fb060d851"},"headline":"Reforma ortogr\u00e1fica alem\u00e3 de 1996","datePublished":"2021-07-13T01:24:35+00:00","dateModified":"2023-12-15T01:49:23+00:00","mainEntityOfPage":{"@id":"https:\/\/hridiomas.com\/aprender-alemao\/reforma-ortografica-alema-de-1996\/"},"wordCount":923,"publisher":{"@id":"https:\/\/hridiomas.com\/aprender-alemao\/#organization"},"image":{"@id":"https:\/\/hridiomas.com\/aprender-alemao\/reforma-ortografica-alema-de-1996\/#primaryimage"},"thumbnailUrl":"https:\/\/hridiomas.com\/aprender-alemao\/wp-content\/uploads\/sites\/6\/2021\/07\/destaque-7.jpg","keywords":["alfabeto"],"articleSection":["Gram\u00e1tica"],"inLanguage":"pt-BR"},{"@type":"WebPage","@id":"https:\/\/hridiomas.com\/aprender-alemao\/reforma-ortografica-alema-de-1996\/","url":"https:\/\/hridiomas.com\/aprender-alemao\/reforma-ortografica-alema-de-1996\/","name":"Reforma ortogr\u00e1fica alem\u00e3 de 1996 &#8226; Aprender Alem\u00e3o","isPartOf":{"@id":"https:\/\/hridiomas.com\/aprender-alemao\/#website"},"primaryImageOfPage":{"@id":"https:\/\/hridiomas.com\/aprender-alemao\/reforma-ortografica-alema-de-1996\/#primaryimage"},"image":{"@id":"https:\/\/hridiomas.com\/aprender-alemao\/reforma-ortografica-alema-de-1996\/#primaryimage"},"thumbnailUrl":"https:\/\/hridiomas.com\/aprender-alemao\/wp-content\/uploads\/sites\/6\/2021\/07\/destaque-7.jpg","datePublished":"2021-07-13T01:24:35+00:00","dateModified":"2023-12-15T01:49:23+00:00","description":"A reforma da ortografia alem\u00e3 de 1996 foi um acordo firmado em Viena em Julho de 1996 pelos governos dos pa\u00edses de l\u00edngua alem\u00e3.","breadcrumb":{"@id":"https:\/\/hridiomas.com\/aprender-alemao\/reforma-ortografica-alema-de-1996\/#breadcrumb"},"inLanguage":"pt-BR","potentialAction":[{"@type":"ReadAction","target":["https:\/\/hridiomas.com\/aprender-alemao\/reforma-ortografica-alema-de-1996\/"]}]},{"@type":"ImageObject","inLanguage":"pt-BR","@id":"https:\/\/hridiomas.com\/aprender-alemao\/reforma-ortografica-alema-de-1996\/#primaryimage","url":"https:\/\/hridiomas.com\/aprender-alemao\/wp-content\/uploads\/sites\/6\/2021\/07\/destaque-7.jpg","contentUrl":"https:\/\/hridiomas.com\/aprender-alemao\/wp-content\/uploads\/sites\/6\/2021\/07\/destaque-7.jpg","width":1920,"height":1281},{"@type":"BreadcrumbList","@id":"https:\/\/hridiomas.com\/aprender-alemao\/reforma-ortografica-alema-de-1996\/#breadcrumb","itemListElement":[{"@type":"ListItem","position":1,"name":"In\u00edcio","item":"https:\/\/hridiomas.com\/aprender-alemao\/"},{"@type":"ListItem","position":2,"name":"Reforma ortogr\u00e1fica alem\u00e3 de 1996"}]},{"@type":"WebSite","@id":"https:\/\/hridiomas.com\/aprender-alemao\/#website","url":"https:\/\/hridiomas.com\/aprender-alemao\/","name":"Aprender Alem\u00e3o","description":"Dicas para aprender alem\u00e3o","publisher":{"@id":"https:\/\/hridiomas.com\/aprender-alemao\/#organization"},"alternateName":"Alem\u00e3o","potentialAction":[{"@type":"SearchAction","target":{"@type":"EntryPoint","urlTemplate":"https:\/\/hridiomas.com\/aprender-alemao\/?s={search_term_string}"},"query-input":{"@type":"PropertyValueSpecification","valueRequired":true,"valueName":"search_term_string"}}],"inLanguage":"pt-BR"},{"@type":"Organization","@id":"https:\/\/hridiomas.com\/aprender-alemao\/#organization","name":"HR idiomas","url":"https:\/\/hridiomas.com\/aprender-alemao\/","logo":{"@type":"ImageObject","inLanguage":"pt-BR","@id":"https:\/\/hridiomas.com\/aprender-alemao\/#\/schema\/logo\/image\/","url":"https:\/\/hridiomas.com\/aprender-alemao\/wp-content\/uploads\/sites\/6\/2021\/04\/hricon-al.png","contentUrl":"https:\/\/hridiomas.com\/aprender-alemao\/wp-content\/uploads\/sites\/6\/2021\/04\/hricon-al.png","width":512,"height":512,"caption":"HR idiomas"},"image":{"@id":"https:\/\/hridiomas.com\/aprender-alemao\/#\/schema\/logo\/image\/"},"sameAs":["https:\/\/www.facebook.com\/hridiomas","https:\/\/x.com\/hridiomas","https:\/\/www.instagram.com\/hridiomas","https:\/\/www.linkedin.com\/company\/hridiomas","https:\/\/www.youtube.com\/c\/HridiomasBr"]},{"@type":"Person","@id":"https:\/\/hridiomas.com\/aprender-alemao\/#\/schema\/person\/074f113560c2f5d2d8531b6fb060d851","name":"hridiomas","image":{"@type":"ImageObject","inLanguage":"pt-BR","@id":"https:\/\/hridiomas.com\/aprender-alemao\/wp-content\/litespeed\/avatar\/6\/fb2620c0c0ccd633ad511be1feb4af56.jpg?ver=1776919579","url":"https:\/\/hridiomas.com\/aprender-alemao\/wp-content\/litespeed\/avatar\/6\/fb2620c0c0ccd633ad511be1feb4af56.jpg?ver=1776919579","contentUrl":"https:\/\/hridiomas.com\/aprender-alemao\/wp-content\/litespeed\/avatar\/6\/fb2620c0c0ccd633ad511be1feb4af56.jpg?ver=1776919579","caption":"hridiomas"}}]}},"_links":{"self":[{"href":"https:\/\/hridiomas.com\/aprender-alemao\/wp-json\/wp\/v2\/posts\/400","targetHints":{"allow":["GET"]}}],"collection":[{"href":"https:\/\/hridiomas.com\/aprender-alemao\/wp-json\/wp\/v2\/posts"}],"about":[{"href":"https:\/\/hridiomas.com\/aprender-alemao\/wp-json\/wp\/v2\/types\/post"}],"author":[{"embeddable":true,"href":"https:\/\/hridiomas.com\/aprender-alemao\/wp-json\/wp\/v2\/users\/1"}],"replies":[{"embeddable":true,"href":"https:\/\/hridiomas.com\/aprender-alemao\/wp-json\/wp\/v2\/comments?post=400"}],"version-history":[{"count":0,"href":"https:\/\/hridiomas.com\/aprender-alemao\/wp-json\/wp\/v2\/posts\/400\/revisions"}],"wp:featuredmedia":[{"embeddable":true,"href":"https:\/\/hridiomas.com\/aprender-alemao\/wp-json\/wp\/v2\/media\/403"}],"wp:attachment":[{"href":"https:\/\/hridiomas.com\/aprender-alemao\/wp-json\/wp\/v2\/media?parent=400"}],"wp:term":[{"taxonomy":"category","embeddable":true,"href":"https:\/\/hridiomas.com\/aprender-alemao\/wp-json\/wp\/v2\/categories?post=400"},{"taxonomy":"post_tag","embeddable":true,"href":"https:\/\/hridiomas.com\/aprender-alemao\/wp-json\/wp\/v2\/tags?post=400"}],"curies":[{"name":"wp","href":"https:\/\/api.w.org\/{rel}","templated":true}]}}