{"id":2025,"date":"2026-08-28T18:11:00","date_gmt":"2026-08-28T21:11:00","guid":{"rendered":"https:\/\/hridiomas.com\/aprender-alemao\/?p=2025"},"modified":"2026-08-28T18:14:51","modified_gmt":"2026-08-28T21:14:51","slug":"palavras-compostas-em-alemao-e-seus-significados","status":"publish","type":"post","link":"https:\/\/hridiomas.com\/aprender-alemao\/palavras-compostas-em-alemao-e-seus-significados\/","title":{"rendered":"30 palavras compostas em alem\u00e3o e seus significados"},"content":{"rendered":"\n<p class=\"wp-block-paragraph\">Uma das caracter\u00edsticas mais interessantes do alem\u00e3o \u00e9 a facilidade com que o idioma cria palavras novas ao unir termos j\u00e1 existentes. Essas forma\u00e7\u00f5es s\u00e3o chamadas de palavras compostas, em alem\u00e3o, <em>Komposita<\/em>.<\/p>\n\n\n\n<p class=\"wp-block-paragraph\">Em muitos casos, basta juntar dois substantivos para criar uma nova palavra com um sentido mais espec\u00edfico. O elemento que aparece no final \u00e9 o mais importante: ele determina o g\u00eanero gramatical da palavra inteira e indica a ideia principal. O elemento inicial apenas acrescenta uma informa\u00e7\u00e3o.<\/p>\n\n\n\n<p class=\"wp-block-paragraph\">A seguir, veja 30 exemplos frequentes de palavras compostas em alem\u00e3o:<\/p>\n\n\n\n<h2 id=\"h-auto-bahn-autobahn\" class=\"wp-block-heading\">Auto + Bahn = Autobahn<\/h2>\n\n\n\n<ul class=\"wp-block-list\">\n<li><em>das Auto<\/em> = o carro, o autom\u00f3vel<\/li>\n\n\n\n<li><em>die Bahn<\/em> = a via, o trajeto, a linha<\/li>\n\n\n\n<li><em>die Autobahn<\/em> = a autoestrada, a rodovia<\/li>\n<\/ul>\n\n\n\n<p class=\"wp-block-paragraph\"><em>Autobahn<\/em> significa, literalmente, &#8220;via para carros&#8221;. \u00c9 a palavra usada para falar das grandes rodovias alem\u00e3s.<\/p>\n\n\n\n<p class=\"wp-block-paragraph\"><strong>Wir fahren \u00fcber <span style=\"text-decoration: underline;\">die Autobahn<\/span> nach Hamburg.<br><\/strong>Vamos pela <span style=\"text-decoration: underline;\">autoestrada<\/span> at\u00e9 Hamburgo.<\/p>\n\n\n\n<p class=\"wp-block-paragraph\"><strong>Auf <span style=\"text-decoration: underline;\">der Autobahn<\/span> gibt es heute viel Verkehr.<br><\/strong>H\u00e1 muito tr\u00e2nsito na <span style=\"text-decoration: underline;\">autoestrada<\/span> hoje.<\/p>\n\n\n\n<p class=\"wp-block-paragraph\">Como <em>Bahn<\/em> \u00e9 feminino, dizemos <em>die Autobahn<\/em>.<\/p>\n\n\n\n<h2 id=\"h-haus-tier-haustier\" class=\"wp-block-heading\">Haus + Tier = Haustier<\/h2>\n\n\n\n<ul class=\"wp-block-list\">\n<li><em>das Haus<\/em> = a casa<\/li>\n\n\n\n<li><em>das Tier<\/em> = o animal<\/li>\n\n\n\n<li><em>das Haustier<\/em> = o animal de estima\u00e7\u00e3o<\/li>\n<\/ul>\n\n\n\n<p class=\"wp-block-paragraph\"><em>Haustier<\/em> \u00e9 um animal que vive com as pessoas, como um cachorro, um gato, um coelho ou um peixe.<\/p>\n\n\n\n<p class=\"wp-block-paragraph\"><strong>Hast du ein <span style=\"text-decoration: underline;\">Haustier<\/span>?<\/strong><br>Voc\u00ea tem um <span style=\"text-decoration: underline;\">animal de estima\u00e7\u00e3o<\/span>?<\/p>\n\n\n\n<p class=\"wp-block-paragraph\"><strong>Mein Hund ist mein <span style=\"text-decoration: underline;\">Haustier<\/span>.<br><\/strong>Meu cachorro \u00e9 meu <span style=\"text-decoration: underline;\">animal de estima\u00e7\u00e3o<\/span>.<\/p>\n\n\n\n<p class=\"wp-block-paragraph\">O \u00faltimo elemento \u00e9 <em>Tier<\/em>, por isso a palavra \u00e9 neutra: <em>das Haustier<\/em>.<\/p>\n\n\n\n<h2 class=\"wp-block-heading\">Kind + Garten = Kindergarten<\/h2>\n\n\n\n<ul class=\"wp-block-list\">\n<li><em>das Kind<\/em> = a crian\u00e7a<\/li>\n\n\n\n<li><em>der Garten<\/em> = o jardim<\/li>\n\n\n\n<li><em>der Kindergarten<\/em> = a pr\u00e9-escola, o jardim de inf\u00e2ncia<\/li>\n<\/ul>\n\n\n\n<p class=\"wp-block-paragraph\">A tradu\u00e7\u00e3o literal de <em>Kindergarten<\/em> \u00e9 &#8220;jardim de crian\u00e7as&#8221;. Na pr\u00e1tica, a palavra se refere \u00e0 institui\u00e7\u00e3o de educa\u00e7\u00e3o infantil frequentada antes do in\u00edcio da escola prim\u00e1ria.<\/p>\n\n\n\n<p class=\"wp-block-paragraph\"><strong>Meine Tochter geht in <span style=\"text-decoration: underline;\">den Kindergarten<\/span>.<br><\/strong>Minha filha vai para <span style=\"text-decoration: underline;\">a pr\u00e9-escola<\/span>.<\/p>\n\n\n\n<p class=\"wp-block-paragraph\"><strong><span style=\"text-decoration: underline;\">Der Kindergarten<\/span> beginnt um acht Uhr.<br><\/strong><span style=\"text-decoration: underline;\">A pr\u00e9-escola<\/span> come\u00e7a \u00e0s oito horas.<\/p>\n\n\n\n<p class=\"wp-block-paragraph\">Como <em>Garten<\/em> \u00e9 masculino, dizemos <em>der Kindergarten<\/em>.<\/p>\n\n\n\n<h2 class=\"wp-block-heading\">Feuer + Wehr = Feuerwehr<\/h2>\n\n\n\n<ul class=\"wp-block-list\">\n<li><em>das Feuer<\/em> = o fogo<\/li>\n\n\n\n<li><em>die Wehr<\/em> = a defesa, a prote\u00e7\u00e3o<\/li>\n\n\n\n<li><em>die Feuerwehr<\/em> = o corpo de bombeiros<\/li>\n<\/ul>\n\n\n\n<p class=\"wp-block-paragraph\"><em>Feuerwehr<\/em> pode ser entendida literalmente como uma &#8220;defesa contra o fogo&#8221;. No uso real, \u00e9 a palavra para &#8220;corpo de bombeiros&#8221; ou &#8220;bombeiros&#8221;.<\/p>\n\n\n\n<p class=\"wp-block-paragraph\"><strong>Ruf <span style=\"text-decoration: underline;\">die Feuerwehr<\/span>!<br><\/strong>Chame os <span style=\"text-decoration: underline;\">bombeiros<\/span>!<\/p>\n\n\n\n<p class=\"wp-block-paragraph\"><strong><span style=\"text-decoration: underline;\">Die Feuerwehr<\/span> ist schon da.<br><\/strong><span style=\"text-decoration: underline;\">Os bombeiros<\/span> j\u00e1 chegaram.<\/p>\n\n\n\n<p class=\"wp-block-paragraph\">A palavra \u00e9 feminina porque <em>Wehr<\/em> \u00e9 feminino: <em>die Feuerwehr<\/em>.<\/p>\n\n\n\n<h2 class=\"wp-block-heading\">Bade + Zimmer = Badezimmer<\/h2>\n\n\n\n<ul class=\"wp-block-list\">\n<li><em>baden<\/em> = tomar banho, banhar-se<\/li>\n\n\n\n<li><em>das Zimmer<\/em> = o c\u00f4modo, o quarto<\/li>\n\n\n\n<li><em>das Badezimmer<\/em> = o banheiro<\/li>\n<\/ul>\n\n\n\n<p class=\"wp-block-paragraph\"><em>Badezimmer<\/em> \u00e9 o &#8220;c\u00f4modo de banho&#8221;, isto \u00e9, o banheiro. O elemento <em>Bade-<\/em> est\u00e1 ligado ao verbo <em>baden<\/em>.<\/p>\n\n\n\n<p class=\"wp-block-paragraph\"><strong><span style=\"text-decoration: underline;\">Das Badezimmer<\/span> ist sauber.<br><\/strong><span style=\"text-decoration: underline;\">O banheiro<\/span> est\u00e1 limpo.<\/p>\n\n\n\n<p class=\"wp-block-paragraph\"><strong>Wo ist <span style=\"text-decoration: underline;\">das Badezimmer<\/span>?<br><\/strong>Onde fica <span style=\"text-decoration: underline;\">o banheiro<\/span>?<\/p>\n\n\n\n<p class=\"wp-block-paragraph\">Como <em>Zimmer<\/em> \u00e9 neutro, a palavra tamb\u00e9m \u00e9 neutra: <em>das Badezimmer<\/em>.<\/p>\n\n\n\n<h2 class=\"wp-block-heading\">Kr\u00e4uter + Tee = Kr\u00e4utertee<\/h2>\n\n\n\n<ul class=\"wp-block-list\">\n<li><em>das Kraut<\/em> = a erva<\/li>\n\n\n\n<li><em>die Kr\u00e4uter<\/em> = as ervas<\/li>\n\n\n\n<li><em>der Tee<\/em> = o ch\u00e1<\/li>\n\n\n\n<li><em>der Kr\u00e4utertee<\/em> = o ch\u00e1 de ervas<\/li>\n<\/ul>\n\n\n\n<p class=\"wp-block-paragraph\"><em>Kr\u00e4utertee<\/em> \u00e9 uma infus\u00e3o preparada com ervas, como camomila, hortel\u00e3, erva-cidreira ou outras plantas.<\/p>\n\n\n\n<p class=\"wp-block-paragraph\"><strong>Ich trinke abends gern <span style=\"text-decoration: underline;\">Kr\u00e4utertee<\/span>.<br><\/strong>Gosto de tomar <span style=\"text-decoration: underline;\">ch\u00e1 de ervas<\/span> \u00e0 noite.<\/p>\n\n\n\n<p class=\"wp-block-paragraph\"><strong>M\u00f6chtest du einen <span style=\"text-decoration: underline;\">Kr\u00e4utertee<\/span>?<br><\/strong>Voc\u00ea quer um <span style=\"text-decoration: underline;\">ch\u00e1 de ervas<\/span>?<\/p>\n\n\n\n<p class=\"wp-block-paragraph\">O g\u00eanero da palavra vem de <em>Tee<\/em>: <em>der Kr\u00e4utertee<\/em>.<\/p>\n\n\n\n<h2 class=\"wp-block-heading\">Kopf + Schmerz = Kopfschmerz<\/h2>\n\n\n\n<ul class=\"wp-block-list\">\n<li><em>der Kopf<\/em> = a cabe\u00e7a<\/li>\n\n\n\n<li><em>der Schmerz<\/em> = a dor<\/li>\n\n\n\n<li><em>der Kopfschmerz<\/em> = a dor de cabe\u00e7a<\/li>\n<\/ul>\n\n\n\n<p class=\"wp-block-paragraph\"><em>Kopfschmerz<\/em> \u00e9 uma palavra muito transparente: \u201ccabe\u00e7a\u201d + \u201cdor\u201d. Em alem\u00e3o, por\u00e9m, \u00e9 muito comum usar o plural <em>Kopfschmerzen<\/em> ao dizer que se est\u00e1 com dor de cabe\u00e7a.<\/p>\n\n\n\n<p class=\"wp-block-paragraph\"><strong>Ich habe <span style=\"text-decoration: underline;\">Kopfschmerzen<\/span>.<br><\/strong>Estou com <span style=\"text-decoration: underline;\">dor de cabe\u00e7a<\/span>.<\/p>\n\n\n\n<p class=\"wp-block-paragraph\"><strong>Wegen der <span style=\"text-decoration: underline;\">Kopfschmerzen<\/span> bleibe ich zu Hause.<br><\/strong>Por causa da <span style=\"text-decoration: underline;\">dor de cabe\u00e7a<\/span>, vou ficar em casa.<\/p>\n\n\n\n<p class=\"wp-block-paragraph\">Nesse caso, as duas partes se unem diretamente, sem elemento de liga\u00e7\u00e3o: <em>Kopf<\/em> + <em>Schmerz<\/em> = <em>Kopfschmerz<\/em>.<\/p>\n\n\n\n<h2 class=\"wp-block-heading\">Schlaf + Zimmer = Schlafzimmer<\/h2>\n\n\n\n<ul class=\"wp-block-list\">\n<li><em>schlafen<\/em> = dormir<\/li>\n\n\n\n<li><em>das Zimmer<\/em> = o c\u00f4modo, o quarto<\/li>\n\n\n\n<li><em>das Schlafzimmer<\/em> = o quarto de dormir, o quarto<\/li>\n<\/ul>\n\n\n\n<p class=\"wp-block-paragraph\"><em>Schlafzimmer<\/em> \u00e9 literalmente o &#8220;c\u00f4modo para dormir&#8221;. Em portugu\u00eas, a tradu\u00e7\u00e3o mais natural costuma ser apenas &#8220;quarto&#8221;.<\/p>\n\n\n\n<p class=\"wp-block-paragraph\"><strong><span style=\"text-decoration: underline;\">Das Schlafzimmer<\/span> ist im ersten Stock.<br><\/strong><span style=\"text-decoration: underline;\">O quarto<\/span> fica no primeiro andar.<\/p>\n\n\n\n<p class=\"wp-block-paragraph\"><strong>In meinem <span style=\"text-decoration: underline;\">Schlafzimmer<\/span> steht ein gro\u00dfes Bett.<br><\/strong>No meu <span style=\"text-decoration: underline;\">quarto<\/span> h\u00e1 uma cama grande.<\/p>\n\n\n\n<p class=\"wp-block-paragraph\">Como a palavra termina em <em>Zimmer<\/em>, ela \u00e9 neutra: <em>das Schlafzimmer<\/em>.<\/p>\n\n\n\n<h2 class=\"wp-block-heading\">Kinder + Zimmer = Kinderzimmer<\/h2>\n\n\n\n<ul class=\"wp-block-list\">\n<li><em>die Kinder<\/em> = as crian\u00e7as<\/li>\n\n\n\n<li><em>das Zimmer<\/em> = o c\u00f4modo, o quarto<\/li>\n\n\n\n<li><em>das Kinderzimmer<\/em> = o quarto das crian\u00e7as, o quarto infantil<\/li>\n<\/ul>\n\n\n\n<p class=\"wp-block-paragraph\"><em>Kinderzimmer<\/em> \u00e9 o quarto destinado \u00e0s crian\u00e7as. Trata-se de uma palavra \u00fatil para falar sobre uma casa, um apartamento ou a rotina familiar.<\/p>\n\n\n\n<p class=\"wp-block-paragraph\"><strong>Die Kinder spielen im <span style=\"text-decoration: underline;\">Kinderzimmer<\/span>.<br><\/strong>As crian\u00e7as brincam no <span style=\"text-decoration: underline;\">quarto infantil<\/span>.<\/p>\n\n\n\n<p class=\"wp-block-paragraph\"><strong><span style=\"text-decoration: underline;\">Das Kinderzimmer<\/span> ist neben dem Badezimmer.<br><\/strong><span style=\"text-decoration: underline;\">O quarto das crian\u00e7as<\/span> fica ao lado do banheiro.<\/p>\n\n\n\n<p class=\"wp-block-paragraph\">Tamb\u00e9m aqui o g\u00eanero \u00e9 neutro, pois o \u00faltimo elemento \u00e9 <em>Zimmer<\/em>: <em>das Kinderzimmer<\/em>.<\/p>\n\n\n\n<h2 class=\"wp-block-heading\">Sonnen + Brille = Sonnenbrille<\/h2>\n\n\n\n<ul class=\"wp-block-list\">\n<li><em>die Sonne<\/em> = o sol<\/li>\n\n\n\n<li><em>die Brille<\/em> = os \u00f3culos<\/li>\n\n\n\n<li><em>die Sonnenbrille<\/em> = os \u00f3culos de sol<\/li>\n<\/ul>\n\n\n\n<p class=\"wp-block-paragraph\">Em <em>Sonnenbrille<\/em>, a palavra <em>Sonne<\/em> aparece com a termina\u00e7\u00e3o <strong>-n-<\/strong>: <em>Sonnen-<\/em>. O sentido \u00e9 bastante direto: trata-se de \u00f3culos usados para proteger os olhos do sol.<\/p>\n\n\n\n<p class=\"wp-block-paragraph\"><strong>Ich brauche meine <span style=\"text-decoration: underline;\">Sonnenbrille<\/span>.<br><\/strong>Preciso dos meus <span style=\"text-decoration: underline;\">\u00f3culos de sol<\/span>.<\/p>\n\n\n\n<p class=\"wp-block-paragraph\"><strong>Sie tr\u00e4gt im Sommer immer eine <span style=\"text-decoration: underline;\">Sonnenbrille<\/span>.<br><\/strong>Ela sempre usa <span style=\"text-decoration: underline;\">\u00f3culos de sol<\/span> no ver\u00e3o.<\/p>\n\n\n\n<p class=\"wp-block-paragraph\">O g\u00eanero vem de <em>Brille<\/em>, que \u00e9 feminino: <em>die Sonnenbrille<\/em>.<\/p>\n\n\n\n<h2 class=\"wp-block-heading\">Regen + Jacke = Regenjacke<\/h2>\n\n\n\n<ul class=\"wp-block-list\">\n<li><em>der Regen<\/em> = a chuva<\/li>\n\n\n\n<li><em>die Jacke<\/em> = a jaqueta<\/li>\n\n\n\n<li><em>die Regenjacke<\/em> = a jaqueta imperme\u00e1vel, a capa de chuva<\/li>\n<\/ul>\n\n\n\n<p class=\"wp-block-paragraph\"><em>Regenjacke<\/em> designa uma jaqueta usada para se proteger da chuva. A tradu\u00e7\u00e3o pode variar conforme o modelo da pe\u00e7a: &#8220;jaqueta imperme\u00e1vel&#8221;, &#8220;capa de chuva&#8221; ou &#8220;jaqueta de chuva&#8221;.<\/p>\n\n\n\n<p class=\"wp-block-paragraph\"><strong>Nimm <span style=\"text-decoration: underline;\">deine Regenjacke<\/span> mit!<br><\/strong>Leve sua <span style=\"text-decoration: underline;\">capa de chuva<\/span>!<\/p>\n\n\n\n<p class=\"wp-block-paragraph\"><strong><span style=\"text-decoration: underline;\">Die Regenjacke<\/span> h\u00e4ngt an der T\u00fcr.<br><\/strong><span style=\"text-decoration: underline;\">A jaqueta imperme\u00e1vel<\/span> est\u00e1 pendurada na porta.<\/p>\n\n\n\n<p class=\"wp-block-paragraph\">Como <em>Jacke<\/em> \u00e9 feminino, dizemos <em>die Regenjacke<\/em>.<\/p>\n\n\n\n<h2 class=\"wp-block-heading\">Fr\u00fchst\u00fcck + Pause = Fr\u00fchst\u00fcckspause<\/h2>\n\n\n\n<ul class=\"wp-block-list\">\n<li><em>das Fr\u00fchst\u00fcck<\/em> = o caf\u00e9 da manh\u00e3<\/li>\n\n\n\n<li><em>die Pause<\/em> = a pausa, o intervalo<\/li>\n\n\n\n<li><em>die Fr\u00fchst\u00fcckspause<\/em> = a pausa para o caf\u00e9 da manh\u00e3<\/li>\n<\/ul>\n\n\n\n<p class=\"wp-block-paragraph\"><em>Fr\u00fchst\u00fcckspause<\/em> \u00e9 o intervalo feito pela manh\u00e3 para comer ou tomar caf\u00e9. A palavra aparece, por exemplo, em contextos de trabalho, escolas e cursos.<\/p>\n\n\n\n<p class=\"wp-block-paragraph\"><strong>Wir haben um zehn Uhr <span style=\"text-decoration: underline;\">Fr\u00fchst\u00fcckspause<\/span>.<br><\/strong>Temos uma <span style=\"text-decoration: underline;\">pausa para o caf\u00e9 da manh\u00e3<\/span> \u00e0s dez horas.<\/p>\n\n\n\n<p class=\"wp-block-paragraph\"><strong>In <span style=\"text-decoration: underline;\">der Fr\u00fchst\u00fcckspause<\/span> trinke ich Kaffee.<br><\/strong>No <span style=\"text-decoration: underline;\">intervalo da manh\u00e3<\/span>, eu tomo caf\u00e9.<\/p>\n\n\n\n<p class=\"wp-block-paragraph\">Nesse caso, surge novamente um -s- de liga\u00e7\u00e3o: <em>Fr\u00fchst\u00fcck<\/em> + <em>Pause<\/em> = <em>Fr\u00fchst\u00fcckspause<\/em>. A palavra \u00e9 feminina porque termina em <em>Pause<\/em>.<\/p>\n\n\n\n<h2 class=\"wp-block-heading\">Hand + Schuh = Handschuh<\/h2>\n\n\n\n<ul class=\"wp-block-list\">\n<li><em>die Hand<\/em> = a m\u00e3o<\/li>\n\n\n\n<li><em>der Schuh<\/em> = o sapato<\/li>\n\n\n\n<li><em>der Handschuh<\/em> = a luva<\/li>\n<\/ul>\n\n\n\n<p class=\"wp-block-paragraph\"><em>Handschuh<\/em> \u00e9 um dos exemplos mais divertidos para quem est\u00e1 come\u00e7ando a aprender alem\u00e3o. Pela l\u00f3gica literal, uma luva \u00e9 um &#8220;sapato para a m\u00e3o&#8221;.<\/p>\n\n\n\n<p class=\"wp-block-paragraph\">O g\u00eanero vem de <em>Schuh<\/em>, que \u00e9 masculino: <em>der Handschuh<\/em>.<\/p>\n\n\n\n<p class=\"wp-block-paragraph\"><strong>Es ist kalt. Ich brauche <span style=\"text-decoration: underline;\">Handschuhe<\/span>.<br><\/strong>Est\u00e1 frio. Eu preciso de <span style=\"text-decoration: underline;\">luvas<\/span>.<\/p>\n\n\n\n<p class=\"wp-block-paragraph\"><strong>Wo sind meine schwarzen <span style=\"text-decoration: underline;\">Handschuhe<\/span>?<br><\/strong>Onde est\u00e3o minhas <span style=\"text-decoration: underline;\">luvas<\/span> pretas?<\/p>\n\n\n\n<p class=\"wp-block-paragraph\">No plural, <em>der Handschuh<\/em> se transforma em <em>die Handschuhe<\/em>.<\/p>\n\n\n\n<h2 class=\"wp-block-heading\">Feuer + Zeug = Feuerzeug<\/h2>\n\n\n\n<ul class=\"wp-block-list\">\n<li><em>das Feuer<\/em> = o fogo<\/li>\n\n\n\n<li><em>das Zeug<\/em> = coisa, material, objeto<\/li>\n\n\n\n<li><em>das Feuerzeug<\/em> = o isqueiro<\/li>\n<\/ul>\n\n\n\n<p class=\"wp-block-paragraph\">A palavra <em>Zeug<\/em> aparece em diversos compostos alem\u00e3es com o sentido gen\u00e9rico de &#8220;coisa&#8221;, &#8220;objeto&#8221; ou &#8220;material&#8221;. Assim, <em>Feuerzeug<\/em> \u00e9 uma &#8220;coisa para fazer fogo&#8221;: um isqueiro.<\/p>\n\n\n\n<p class=\"wp-block-paragraph\"><strong>Hast du ein <span style=\"text-decoration: underline;\">Feuerzeug<\/span>?<br><\/strong>Voc\u00ea tem um <span style=\"text-decoration: underline;\">isqueiro<\/span>?<\/p>\n\n\n\n<p class=\"wp-block-paragraph\"><strong>Mein <span style=\"text-decoration: underline;\">Feuerzeug<\/span> liegt auf dem Tisch.<br><\/strong>Meu <span style=\"text-decoration: underline;\">isqueiro<\/span> est\u00e1 sobre a mesa.<\/p>\n\n\n\n<p class=\"wp-block-paragraph\">Como <em>Zeug<\/em> \u00e9 neutro, dizemos <em>das Feuerzeug<\/em>.<\/p>\n\n\n\n<h2 class=\"wp-block-heading\">Flug + Zeug = Flugzeug<\/h2>\n\n\n\n<ul class=\"wp-block-list\">\n<li><em>der Flug<\/em> = o voo<\/li>\n\n\n\n<li><em>das Zeug<\/em> = coisa, objeto<\/li>\n\n\n\n<li><em>das Flugzeug<\/em> = o avi\u00e3o<\/li>\n<\/ul>\n\n\n\n<p class=\"wp-block-paragraph\">A estrutura \u00e9 parecida com a de <em>Feuerzeug<\/em>. <em>Flugzeug<\/em> significa literalmente &#8220;coisa de voar&#8221; ou &#8220;objeto de voo&#8221;, isto \u00e9, um avi\u00e3o.<\/p>\n\n\n\n<p class=\"wp-block-paragraph\"><strong><span style=\"text-decoration: underline;\">Das Flugzeug<\/span> landet um neun Uhr.<br><\/strong><span style=\"text-decoration: underline;\">O avi\u00e3o<\/span> pousa \u00e0s nove horas.<\/p>\n\n\n\n<p class=\"wp-block-paragraph\"><strong>Unser <span style=\"text-decoration: underline;\">Flugzeug<\/span> kommt aus Berlin.<br><\/strong>Nosso <span style=\"text-decoration: underline;\">avi\u00e3o<\/span> vem de Berlim.<\/p>\n\n\n\n<p class=\"wp-block-paragraph\">Como o elemento final \u00e9 <em>Zeug<\/em>, <em>Flugzeug<\/em> tamb\u00e9m \u00e9 neutro: <em>das Flugzeug<\/em>.<\/p>\n\n\n\n<h2 class=\"wp-block-heading\">Zahn + Arzt = Zahnarzt<\/h2>\n\n\n\n<ul class=\"wp-block-list\">\n<li><em>der Zahn<\/em> = o dente<\/li>\n\n\n\n<li><em>der Arzt<\/em> = o m\u00e9dico<\/li>\n\n\n\n<li><em>der Zahnarzt<\/em> = o dentista<\/li>\n<\/ul>\n\n\n\n<p class=\"wp-block-paragraph\"><em>Zahnarzt<\/em> significa, literalmente, &#8220;m\u00e9dico dos dentes&#8221;. \u00c9 uma palavra transparente e muito pr\u00e1tica para memorizar.<\/p>\n\n\n\n<p class=\"wp-block-paragraph\"><strong>Ich habe morgen einen Termin beim <span style=\"text-decoration: underline;\">Zahnarzt<\/span>.<br><\/strong>Tenho uma consulta no <span style=\"text-decoration: underline;\">dentista<\/span> amanh\u00e3.<\/p>\n\n\n\n<p class=\"wp-block-paragraph\"><strong><span style=\"text-decoration: underline;\">Der Zahnarzt<\/span> untersucht meine Z\u00e4hne.<br><\/strong><span style=\"text-decoration: underline;\">O dentista<\/span> examina meus dentes.<\/p>\n\n\n\n<p class=\"wp-block-paragraph\">Para falar de uma dentista mulher, usa-se <em>die Zahn\u00e4rztin<\/em>. Note tamb\u00e9m a mudan\u00e7a de vogal: <em>Arzt<\/em> \u2192 <em>\u00c4rztin<\/em>.<\/p>\n\n\n\n<h2 class=\"wp-block-heading\">Zahn + Fleisch = Zahnfleisch<\/h2>\n\n\n\n<ul class=\"wp-block-list\">\n<li><em>der Zahn<\/em> = o dente<\/li>\n\n\n\n<li><em>das Fleisch<\/em> = a carne<\/li>\n\n\n\n<li><em>das Zahnfleisch<\/em> = a gengiva<\/li>\n<\/ul>\n\n\n\n<p class=\"wp-block-paragraph\">A tradu\u00e7\u00e3o literal de <em>Zahnfleisch<\/em> \u00e9 &#8220;carne do dente&#8221;, e pode soar estranha em portugu\u00eas. No entanto, a imagem ajuda a compreender o sentido: \u00e9 o tecido que envolve e sustenta os dentes.<\/p>\n\n\n\n<p class=\"wp-block-paragraph\"><strong>Mein <span style=\"text-decoration: underline;\">Zahnfleisch<\/span> tut weh.<br><\/strong>Minha <span style=\"text-decoration: underline;\">gengiva<\/span> d\u00f3i.<\/p>\n\n\n\n<p class=\"wp-block-paragraph\"><strong>Gesundes <span style=\"text-decoration: underline;\">Zahnfleisch<\/span> ist wichtig f\u00fcr die Z\u00e4hne.<br><\/strong>Uma <span style=\"text-decoration: underline;\">gengiva<\/span> saud\u00e1vel \u00e9 importante para os dentes.<\/p>\n\n\n\n<p class=\"wp-block-paragraph\">Como <em>Fleisch<\/em> \u00e9 neutro, a palavra tamb\u00e9m \u00e9 neutra: <em>das Zahnfleisch<\/em>.<\/p>\n\n\n\n<h2 class=\"wp-block-heading\">Staub + Sauger = Staubsauger<\/h2>\n\n\n\n<ul class=\"wp-block-list\">\n<li><em>der Staub<\/em> = o p\u00f3<\/li>\n\n\n\n<li><em>der Sauger<\/em> = o sugador, o aparelho que suga<\/li>\n\n\n\n<li><em>der Staubsauger<\/em> = o aspirador de p\u00f3<\/li>\n<\/ul>\n\n\n\n<p class=\"wp-block-paragraph\"><em>Staubsauger<\/em> descreve exatamente a fun\u00e7\u00e3o do objeto: \u00e9 algo que suga o p\u00f3. As duas partes se unem diretamente, sem elemento de liga\u00e7\u00e3o: <em>Staub<\/em> + <em>Sauger<\/em> = <em>Staubsauger<\/em>.<\/p>\n\n\n\n<p class=\"wp-block-paragraph\"><strong><span style=\"text-decoration: underline;\">Der Staubsauger<\/span> steht im Flur.<\/strong><br><span style=\"text-decoration: underline;\">O aspirador de p\u00f3<\/span> est\u00e1 no corredor.<\/p>\n\n\n\n<p class=\"wp-block-paragraph\"><strong>Ich muss heute <span style=\"text-decoration: underline;\">staubsaugen<\/span>.<br><\/strong>Preciso passar <span style=\"text-decoration: underline;\">aspirador<\/span> hoje.<\/p>\n\n\n\n<p class=\"wp-block-paragraph\">O verbo <em>staubsaugen<\/em> significa &#8220;aspirar o p\u00f3&#8221; ou, de modo mais natural, &#8220;passar aspirador&#8221;.<\/p>\n\n\n\n<h2 class=\"wp-block-heading\">Regen + Schirm = Regenschirm<\/h2>\n\n\n\n<ul class=\"wp-block-list\">\n<li><em>der Regen<\/em> = a chuva<\/li>\n\n\n\n<li><em>der Schirm<\/em> = a prote\u00e7\u00e3o, o guarda-sol, o guarda-chuva<\/li>\n\n\n\n<li><em>der Regenschirm<\/em> = o guarda-chuva<\/li>\n<\/ul>\n\n\n\n<p class=\"wp-block-paragraph\"><em>Regenschirm<\/em> \u00e9, literalmente, uma &#8220;prote\u00e7\u00e3o contra a chuva&#8221;. Trata-se de uma constru\u00e7\u00e3o muito l\u00f3gica: <em>Schirm<\/em> \u00e9 algo que protege, e <em>Regen<\/em> informa contra o que ele protege.<\/p>\n\n\n\n<p class=\"wp-block-paragraph\"><strong>Nimm einen <span style=\"text-decoration: underline;\">Regenschirm<\/span> mit!<br><\/strong>Leve um <span style=\"text-decoration: underline;\">guarda-chuva<\/span>!<\/p>\n\n\n\n<p class=\"wp-block-paragraph\"><strong>Mein <span style=\"text-decoration: underline;\">Regenschirm<\/span> ist kaputt.<br><\/strong>Meu <span style=\"text-decoration: underline;\">guarda-chuva<\/span> est\u00e1 quebrado.<\/p>\n\n\n\n<p class=\"wp-block-paragraph\">Como <em>Schirm<\/em> \u00e9 masculino, dizemos <em>der Regenschirm<\/em>.<\/p>\n\n\n\n<h2 class=\"wp-block-heading\">Krank + Haus = Krankenhaus<\/h2>\n\n\n\n<ul class=\"wp-block-list\">\n<li><em>krank<\/em> = doente<\/li>\n\n\n\n<li><em>das Haus<\/em> = a casa<\/li>\n\n\n\n<li><em>das Krankenhaus<\/em> = o hospital<\/li>\n<\/ul>\n\n\n\n<p class=\"wp-block-paragraph\"><em>Krankenhaus<\/em> significa literalmente &#8220;casa dos doentes&#8221;. Aqui, <em>krank<\/em> recebe a termina\u00e7\u00e3o -en-, formando <em>Kranken-<\/em>. Esse elemento faz a liga\u00e7\u00e3o com <em>Haus<\/em> e remete a pessoas doentes.<\/p>\n\n\n\n<p class=\"wp-block-paragraph\"><strong>Er liegt im <span style=\"text-decoration: underline;\">Krankenhaus<\/span>.<br><\/strong>Ele est\u00e1 no <span style=\"text-decoration: underline;\">hospital<\/span>.<\/p>\n\n\n\n<p class=\"wp-block-paragraph\"><strong><span style=\"text-decoration: underline;\">Das Krankenhaus<\/span> ist nicht weit von hier.<br><\/strong><span style=\"text-decoration: underline;\">O hospital<\/span> n\u00e3o fica longe daqui.<\/p>\n\n\n\n<p class=\"wp-block-paragraph\">A palavra \u00e9 neutra porque termina em <em>Haus<\/em>: <em>das Krankenhaus<\/em>.<\/p>\n\n\n\n<h2 class=\"wp-block-heading\">Fern + Seher = Fernseher<\/h2>\n\n\n\n<ul class=\"wp-block-list\">\n<li><em>fern<\/em> = distante, de longe<\/li>\n\n\n\n<li><em>der Seher<\/em> = aquele que v\u00ea<\/li>\n\n\n\n<li><em>der Fernseher<\/em> = a televis\u00e3o, o televisor<\/li>\n<\/ul>\n\n\n\n<p class=\"wp-block-paragraph\"><em>Fernseher<\/em> tem uma l\u00f3gica quase po\u00e9tica: \u00e9 aquilo, ou aquele, que &#8220;v\u00ea de longe&#8221;. No uso cotidiano, a palavra normalmente designa o aparelho de televis\u00e3o.<\/p>\n\n\n\n<p class=\"wp-block-paragraph\"><strong><span style=\"text-decoration: underline;\">Der Fernseher<\/span> ist im Wohnzimmer.<br><\/strong><span style=\"text-decoration: underline;\">A televis\u00e3o<\/span> est\u00e1 na sala de estar.<\/p>\n\n\n\n<p class=\"wp-block-paragraph\"><strong>Kannst du bitte <span style=\"text-decoration: underline;\">den Fernseher<\/span> ausmachen?<br><\/strong>Voc\u00ea pode desligar <span style=\"text-decoration: underline;\">a televis\u00e3o<\/span>, por favor?<\/p>\n\n\n\n<p class=\"wp-block-paragraph\">Para falar da atividade de assistir televis\u00e3o, usa-se geralmente o verbo <em>fernsehen<\/em>:<\/p>\n\n\n\n<p class=\"wp-block-paragraph\"><strong>Ich sehe abends gern fern.<br><\/strong>Gosto de assistir televis\u00e3o \u00e0 noite.<\/p>\n\n\n\n<h2 class=\"wp-block-heading\">Werk + Zeug = Werkzeug<\/h2>\n\n\n\n<ul class=\"wp-block-list\">\n<li><em>das Werk<\/em> = a obra, o trabalho<\/li>\n\n\n\n<li><em>das Zeug<\/em> = coisa, objeto, material<\/li>\n\n\n\n<li><em>das Werkzeug<\/em> = a ferramenta<\/li>\n<\/ul>\n\n\n\n<p class=\"wp-block-paragraph\"><em>Werkzeug<\/em> \u00e9 uma \u201ccoisa de trabalho\u201d, ou seja, uma ferramenta usada para realizar uma tarefa manual, consertar algo ou construir alguma coisa.<\/p>\n\n\n\n<p class=\"wp-block-paragraph\"><strong><span style=\"text-decoration: underline;\">Das Werkzeug<\/span> liegt in der Garage.<br><\/strong><span style=\"text-decoration: underline;\">As ferramentas<\/span> est\u00e3o na garagem.<\/p>\n\n\n\n<p class=\"wp-block-paragraph\"><strong>Ich brauche das richtige <span style=\"text-decoration: underline;\">Werkzeug<\/span>.<br><\/strong>Preciso da <span style=\"text-decoration: underline;\">ferramenta<\/span> certa.<\/p>\n\n\n\n<p class=\"wp-block-paragraph\">Embora <em>Werkzeug<\/em> seja singular, ele pode ter um sentido coletivo, referindo-se a um conjunto de ferramentas. Para falar de v\u00e1rias ferramentas espec\u00edficas, usa-se <em>die Werkzeuge<\/em>.<\/p>\n\n\n\n<h2 class=\"wp-block-heading\">Flug + Platz = Flugplatz<\/h2>\n\n\n\n<ul class=\"wp-block-list\">\n<li><em>der Flug<\/em> = o voo<\/li>\n\n\n\n<li><em>der Platz<\/em> = o lugar, o espa\u00e7o<\/li>\n\n\n\n<li><em>der Flugplatz<\/em> = o aer\u00f3dromo, o pequeno aeroporto<\/li>\n<\/ul>\n\n\n\n<p class=\"wp-block-paragraph\"><em>Flugplatz<\/em> significa &#8220;lugar de voo&#8221;. Em geral, \u00e9 usado para um aer\u00f3dromo ou aeroporto menor, frequentemente ligado \u00e0 avia\u00e7\u00e3o esportiva, escolas de pilotagem ou aeronaves pequenas. Para grandes aeroportos comerciais, a palavra mais comum \u00e9 <em>der Flughafen<\/em>.<\/p>\n\n\n\n<p class=\"wp-block-paragraph\"><strong>Der kleine <span style=\"text-decoration: underline;\">Flugplatz<\/span> liegt au\u00dferhalb der Stadt.<br><\/strong>O pequeno <span style=\"text-decoration: underline;\">aer\u00f3dromo<\/span> fica fora da cidade.<\/p>\n\n\n\n<p class=\"wp-block-paragraph\"><strong>Am <span style=\"text-decoration: underline;\">Flugplatz<\/span> kann man kleine Flugzeuge sehen.<br><\/strong>No <span style=\"text-decoration: underline;\">aer\u00f3dromo<\/span>, \u00e9 poss\u00edvel ver avi\u00f5es pequenos.<\/p>\n\n\n\n<h2 class=\"wp-block-heading\">Wasch + B\u00e4r = Waschb\u00e4r<\/h2>\n\n\n\n<ul class=\"wp-block-list\">\n<li><em>waschen<\/em> = lavar<\/li>\n\n\n\n<li><em>der B\u00e4r<\/em> = o urso<\/li>\n\n\n\n<li><em>der Waschb\u00e4r<\/em> = o guaxinim<\/li>\n<\/ul>\n\n\n\n<p class=\"wp-block-paragraph\"><em>Waschb\u00e4r<\/em> significa literalmente &#8220;urso lavador&#8221;. A palavra se refere ao guaxinim, animal conhecido por manipular alimentos e outros objetos com as patas, o que pode dar a impress\u00e3o de que ele est\u00e1 lavando tudo. <\/p>\n\n\n\n<p class=\"wp-block-paragraph\"><strong>Ein <span style=\"text-decoration: underline;\">Waschb\u00e4r<\/span> sucht nachts nach Futter.<br><\/strong>Um <span style=\"text-decoration: underline;\">guaxinim<\/span> procura comida \u00e0 noite.<\/p>\n\n\n\n<p class=\"wp-block-paragraph\"><strong>Wir haben einen <span style=\"text-decoration: underline;\">Waschb\u00e4ren<\/span> im Park gesehen.<br><\/strong>Vimos um <span style=\"text-decoration: underline;\">guaxinim<\/span> no parque.<\/p>\n\n\n\n<p class=\"wp-block-paragraph\">Como <em>B\u00e4r<\/em> \u00e9 masculino, <em>Waschb\u00e4r<\/em> tamb\u00e9m \u00e9 masculino.<\/p>\n\n\n\n<h2 class=\"wp-block-heading\">Hand + Tasche = Handtasche<\/h2>\n\n\n\n<ul class=\"wp-block-list\">\n<li><em>die Hand<\/em> = a m\u00e3o<\/li>\n\n\n\n<li><em>die Tasche<\/em> = a bolsa<\/li>\n\n\n\n<li><em>die Handtasche<\/em> = a bolsa de m\u00e3o<\/li>\n<\/ul>\n\n\n\n<p class=\"wp-block-paragraph\"><em>Handtasche<\/em> significa literalmente \u201cbolsa de m\u00e3o\u201d. Em alem\u00e3o, a palavra costuma se referir a uma bolsa pequena ou m\u00e9dia carregada na m\u00e3o, no antebra\u00e7o ou no ombro, geralmente usada para guardar objetos pessoais. <\/p>\n\n\n\n<p class=\"wp-block-paragraph\"><strong>Meine <span style=\"text-decoration: underline;\">Handtasche<\/span> liegt auf dem Stuhl.<br><\/strong>Minha <span style=\"text-decoration: underline;\">bolsa<\/span> est\u00e1 sobre a cadeira.<\/p>\n\n\n\n<p class=\"wp-block-paragraph\"><strong>In ihrer <span style=\"text-decoration: underline;\">Handtasche<\/span> sind ein Handy und ein Schl\u00fcssel.<br><\/strong>Na <span style=\"text-decoration: underline;\">bolsa<\/span> dela h\u00e1 um celular e uma chave.<\/p>\n\n\n\n<p class=\"wp-block-paragraph\">Como <em>Tasche<\/em> \u00e9 feminino, <em>Handtasche<\/em> tamb\u00e9m \u00e9 feminino.<\/p>\n\n\n\n<h2 class=\"wp-block-heading\">Frieden + Hof = Friedhof<\/h2>\n\n\n\n<ul class=\"wp-block-list\">\n<li><em>der Frieden<\/em> = a paz<\/li>\n\n\n\n<li><em>der Hof<\/em> = o p\u00e1tio, o terreno, a \u00e1rea interna<\/li>\n\n\n\n<li><em>der Friedhof<\/em> = o cemit\u00e9rio<\/li>\n<\/ul>\n\n\n\n<p class=\"wp-block-paragraph\"><em>Friedhof<\/em> costuma ser associado \u00e0 ideia de um &#8220;p\u00e1tio da paz&#8221;. No entanto, essa divis\u00e3o ajuda a memorizar a palavra, mas n\u00e3o explica totalmente sua origem: historicamente, o primeiro elemento est\u00e1 ligado \u00e0 no\u00e7\u00e3o de um terreno cercado ou protegido, e n\u00e3o diretamente \u00e0 palavra moderna <em>Frieden<\/em> (&#8220;paz&#8221;). Hoje, <em>Friedhof<\/em> \u00e9 simplesmente a palavra mais comum em alem\u00e3o para &#8220;cemit\u00e9rio&#8221;.<\/p>\n\n\n\n<p class=\"wp-block-paragraph\"><strong><span style=\"text-decoration: underline;\">Der Friedhof<\/span> liegt neben der Kirche.<br><\/strong><span style=\"text-decoration: underline;\">O cemit\u00e9rio<\/span> fica ao lado da igreja.<\/p>\n\n\n\n<p class=\"wp-block-paragraph\"><strong>Wir besuchen am Sonntag <span style=\"text-decoration: underline;\">den Friedhof<\/span>.<br><\/strong>N\u00f3s visitamos <span style=\"text-decoration: underline;\">o cemit\u00e9rio<\/span> no domingo.<\/p>\n\n\n\n<h2 id=\"h-einmal-handschuh-einmalhandschuh\" class=\"wp-block-heading\">Einmal + Handschuh = Einmalhandschuh<\/h2>\n\n\n\n<ul class=\"wp-block-list\">\n<li><em>einmal<\/em> = uma vez<\/li>\n\n\n\n<li><em>der Handschuh<\/em> = a luva<\/li>\n\n\n\n<li><em>der Einmalhandschuh<\/em> = a luva descart\u00e1vel, a luva de uso \u00fanico<\/li>\n<\/ul>\n\n\n\n<p class=\"wp-block-paragraph\"><em>Einmalhandschuh<\/em> significa literalmente &#8220;luva para uma vez&#8221;. A palavra se refere a uma luva feita para ser usada apenas uma vez e depois descartada, como as luvas utilizadas em hospitais, consult\u00f3rios, limpeza ou na manipula\u00e7\u00e3o de alimentos.<\/p>\n\n\n\n<p class=\"wp-block-paragraph\"><strong>Die \u00c4rztin tr\u00e4gt <span style=\"text-decoration: underline;\">Einmalhandschuhe<\/span>.<br><\/strong>A m\u00e9dica usa <span style=\"text-decoration: underline;\">luvas descart\u00e1veis<\/span>.<\/p>\n\n\n\n<p class=\"wp-block-paragraph\"><strong>F\u00fcr die Reinigung brauche ich <span style=\"text-decoration: underline;\">Einmalhandschuhe<\/span>.<br><\/strong>Para a limpeza, preciso de <span style=\"text-decoration: underline;\">luvas descart\u00e1veis<\/span>.<\/p>\n\n\n\n<p class=\"wp-block-paragraph\">O g\u00eanero \u00e9 masculino porque a palavra termina em <em>Handschuh<\/em>.<\/p>\n\n\n\n<h2 class=\"wp-block-heading\">Faul + Tier = Faultier<\/h2>\n\n\n\n<ul class=\"wp-block-list\">\n<li><em>faul<\/em> = pregui\u00e7oso<\/li>\n\n\n\n<li><em>das Tier<\/em> = o animal<\/li>\n\n\n\n<li><em>das Faultier<\/em> = o bicho-pregui\u00e7a<\/li>\n<\/ul>\n\n\n\n<p class=\"wp-block-paragraph\"><em>Faultier<\/em> significa literalmente &#8220;animal pregui\u00e7oso&#8221;. Em portugu\u00eas, o nome &#8220;bicho-pregui\u00e7a&#8221; transmite quase a mesma ideia. Al\u00e9m de nomear o animal, a palavra tamb\u00e9m pode ser usada informalmente, e de modo pejorativo, para falar de uma pessoa muito pregui\u00e7osa.<\/p>\n\n\n\n<p class=\"wp-block-paragraph\"><strong><span style=\"text-decoration: underline;\">Das Faultier<\/span> bewegt sich sehr langsam.<br><\/strong><span style=\"text-decoration: underline;\">O bicho-pregui\u00e7a<\/span> se move muito devagar.<\/p>\n\n\n\n<p class=\"wp-block-paragraph\"><strong>Er ist ein echtes <span style=\"text-decoration: underline;\">Faultier<\/span>.<br><\/strong>Ele \u00e9 muito <span style=\"text-decoration: underline;\">pregui\u00e7oso<\/span>.<\/p>\n\n\n\n<p class=\"wp-block-paragraph\">O g\u00eanero \u00e9 neutro porque o \u00faltimo elemento \u00e9 <em>Tier<\/em>.<\/p>\n\n\n\n<h2 class=\"wp-block-heading\">Stink + Tier = Stinktier<\/h2>\n\n\n\n<ul class=\"wp-block-list\">\n<li><em>stinken<\/em> = feder, cheirar mal<\/li>\n\n\n\n<li><em>das Tier<\/em> = o animal<\/li>\n\n\n\n<li><em>das Stinktier<\/em> = a jaritataca, o gamb\u00e1<\/li>\n<\/ul>\n\n\n\n<p class=\"wp-block-paragraph\"><em>Stinktier<\/em> significa literalmente &#8220;animal fedorento&#8221;. \u00c9 o nome alem\u00e3o da jaritataca, tamb\u00e9m chamada de gamb\u00e1 em alguns contextos no portugu\u00eas brasileiro. O animal \u00e9 conhecido por liberar uma secre\u00e7\u00e3o de odor forte quando se sente amea\u00e7ado. <\/p>\n\n\n\n<p class=\"wp-block-paragraph\"><strong><span style=\"text-decoration: underline;\">Das Stinktier<\/span> verteidigt sich mit einem starken Geruch.<br><\/strong><span style=\"text-decoration: underline;\">O gamb\u00e1<\/span> se defende com um cheiro forte.<\/p>\n\n\n\n<p class=\"wp-block-paragraph\"><strong>Im Zoo sehen wir ein <span style=\"text-decoration: underline;\">Stinktier<\/span>.<br><\/strong>No zool\u00f3gico, vemos um <span style=\"text-decoration: underline;\">gamb\u00e1<\/span>.<\/p>\n\n\n\n<p class=\"wp-block-paragraph\">Como termina em <em>Tier<\/em>, a palavra \u00e9 neutra.<\/p>\n\n\n\n<h2 class=\"wp-block-heading\">Kugel + Schreiber = Kugelschreiber<\/h2>\n\n\n\n<p class=\"wp-block-paragraph\"><em>die Kugel<\/em> = a esfera, a bolinha<br><em>der Schreiber<\/em> = aquele que escreve; o instrumento de escrita<br><em>der Kugelschreiber<\/em> = a caneta esferogr\u00e1fica<\/p>\n\n\n\n<p class=\"wp-block-paragraph\"><em>Kugelschreiber<\/em> significa literalmente &#8220;escritor de esfera&#8221; ou &#8220;caneta de bolinha&#8221;. A palavra descreve o mecanismo da caneta esferogr\u00e1fica: h\u00e1 uma pequena esfera na ponta da carga que gira enquanto a pessoa escreve e transfere a tinta para o papel. No uso informal, os alem\u00e3es tamb\u00e9m usam muito a forma abreviada <em>Kuli<\/em>.<\/p>\n\n\n\n<p class=\"wp-block-paragraph\"><strong>Kann ich deinen <span style=\"text-decoration: underline;\">Kugelschreiber<\/span> benutzen?<br><\/strong>Posso usar sua <span style=\"text-decoration: underline;\">caneta<\/span>?<\/p>\n\n\n\n<p class=\"wp-block-paragraph\"><strong>Mein <span style=\"text-decoration: underline;\">Kugelschreiber<\/span> liegt auf dem Schreibtisch.<br><\/strong>Minha <span style=\"text-decoration: underline;\">caneta<\/span> est\u00e1 sobre a escrivaninha.<\/p>\n\n\n\n<p class=\"wp-block-paragraph\">O g\u00eanero \u00e9 masculino porque a palavra termina em <em>Schreiber<\/em>.<\/p>\n\n\n\n<h2 class=\"wp-block-heading\">Como identificar o sentido de uma palavra longa<\/h2>\n\n\n\n<p class=\"wp-block-paragraph\">Quando encontrar uma palavra composta em alem\u00e3o, procure separ\u00e1-la em partes e comece sua an\u00e1lise pelo final. O \u00faltimo elemento normalmente responde \u00e0 pergunta: &#8220;Que tipo de coisa \u00e9 esta?&#8221;<\/p>\n\n\n\n<p class=\"wp-block-paragraph\">Veja estes exemplos:<\/p>\n\n\n\n<ul class=\"wp-block-list\">\n<li><em>Haustier<\/em> \u00e9 um tipo de <em>Tier<\/em> \u2014 um animal.<\/li>\n\n\n\n<li><em>Sonnenbrille<\/em> \u00e9 um tipo de <em>Brille<\/em> \u2014 um par de \u00f3culos.<\/li>\n\n\n\n<li><em>Regenjacke<\/em> \u00e9 um tipo de <em>Jacke<\/em> \u2014 uma jaqueta.<\/li>\n\n\n\n<li><em>Kinderzimmer<\/em> \u00e9 um tipo de <em>Zimmer<\/em> \u2014 um c\u00f4modo.<\/li>\n<\/ul>\n\n\n\n<p class=\"wp-block-paragraph\">Essa estrat\u00e9gia ajuda a deduzir o significado de muitas palavras novas, mesmo antes de procur\u00e1-las no dicion\u00e1rio. Ela n\u00e3o substitui a consulta, pois algumas forma\u00e7\u00f5es t\u00eam sentidos menos \u00f3bvios, mas \u00e9 uma das maneiras mais eficientes de expandir o vocabul\u00e1rio em alem\u00e3o.<\/p>\n\n\n\n<p class=\"wp-block-paragraph\"><\/p>\n","protected":false},"excerpt":{"rendered":"<p>Uma das caracter\u00edsticas mais interessantes do alem\u00e3o \u00e9 a facilidade com que o idioma cria palavras novas ao unir termos j\u00e1 existentes. Essas forma\u00e7\u00f5es s\u00e3o chamadas de palavras compostas, em alem\u00e3o, Komposita. Em muitos casos, basta juntar dois substantivos para criar uma nova palavra com um sentido mais espec\u00edfico. O elemento que aparece no final<\/p>\n","protected":false},"author":1,"featured_media":2042,"comment_status":"closed","ping_status":"closed","sticky":false,"template":"","format":"standard","meta":{"footnotes":""},"categories":[59],"tags":[],"class_list":["post-2025","post","type-post","status-publish","format-standard","has-post-thumbnail","category-como-se-diz"],"yoast_head":"<!-- This site is optimized with the Yoast SEO Premium plugin v28.1 (Yoast SEO v28.3) - https:\/\/yoast.com\/product\/yoast-seo-premium-wordpress\/ -->\n<title>30 palavras compostas em alem\u00e3o e seus significados &#8226; Aprender Alem\u00e3o<\/title>\n<meta name=\"description\" content=\"Uma das caracter\u00edsticas mais interessantes do alem\u00e3o \u00e9 a facilidade com que o idioma cria palavras novas ao unir termos j\u00e1 existentes.\" \/>\n<meta name=\"robots\" content=\"index, follow, max-snippet:-1, max-image-preview:large, max-video-preview:-1\" \/>\n<link rel=\"canonical\" href=\"https:\/\/hridiomas.com\/aprender-alemao\/palavras-compostas-em-alemao-e-seus-significados\/\" \/>\n<meta property=\"og:locale\" content=\"pt_BR\" \/>\n<meta property=\"og:type\" content=\"article\" \/>\n<meta property=\"og:title\" content=\"30 palavras compostas em alem\u00e3o e seus significados &#8226; Aprender Alem\u00e3o\" \/>\n<meta property=\"og:description\" content=\"Uma das caracter\u00edsticas mais interessantes do alem\u00e3o \u00e9 a facilidade com que o idioma cria palavras novas ao unir termos j\u00e1 existentes.\" \/>\n<meta property=\"og:url\" content=\"https:\/\/hridiomas.com\/aprender-alemao\/palavras-compostas-em-alemao-e-seus-significados\/\" \/>\n<meta property=\"og:site_name\" content=\"Aprender Alem\u00e3o\" \/>\n<meta property=\"article:publisher\" content=\"https:\/\/www.facebook.com\/hridiomas\" \/>\n<meta property=\"article:published_time\" content=\"2026-08-28T21:11:00+00:00\" \/>\n<meta property=\"article:modified_time\" content=\"2026-08-28T21:14:51+00:00\" \/>\n<meta property=\"og:image\" content=\"http:\/\/hridiomas.com\/aprender-alemao\/wp-content\/uploads\/sites\/6\/2026\/08\/destaque-2.jpg\" \/>\n\t<meta property=\"og:image:width\" content=\"1500\" \/>\n\t<meta property=\"og:image:height\" content=\"1000\" \/>\n\t<meta property=\"og:image:type\" content=\"image\/jpeg\" \/>\n<meta name=\"author\" content=\"hridiomas\" \/>\n<meta name=\"twitter:card\" content=\"summary_large_image\" \/>\n<meta name=\"twitter:creator\" content=\"@hridiomas\" \/>\n<meta name=\"twitter:site\" content=\"@hridiomas\" \/>\n<meta name=\"twitter:label1\" content=\"Escrito por\" \/>\n\t<meta name=\"twitter:data1\" content=\"hridiomas\" \/>\n\t<meta name=\"twitter:label2\" content=\"Est. tempo de leitura\" \/>\n\t<meta name=\"twitter:data2\" content=\"16 minutos\" \/>\n<script type=\"application\/ld+json\" class=\"yoast-schema-graph\">{\"@context\":\"https:\\\/\\\/schema.org\",\"@graph\":[{\"@type\":\"Article\",\"@id\":\"https:\\\/\\\/hridiomas.com\\\/aprender-alemao\\\/palavras-compostas-em-alemao-e-seus-significados\\\/#article\",\"isPartOf\":{\"@id\":\"https:\\\/\\\/hridiomas.com\\\/aprender-alemao\\\/palavras-compostas-em-alemao-e-seus-significados\\\/\"},\"author\":{\"name\":\"hridiomas\",\"@id\":\"https:\\\/\\\/hridiomas.com\\\/aprender-alemao\\\/#\\\/schema\\\/person\\\/074f113560c2f5d2d8531b6fb060d851\"},\"headline\":\"30 palavras compostas em alem\u00e3o e seus significados\",\"datePublished\":\"2026-08-28T21:11:00+00:00\",\"dateModified\":\"2026-08-28T21:14:51+00:00\",\"mainEntityOfPage\":{\"@id\":\"https:\\\/\\\/hridiomas.com\\\/aprender-alemao\\\/palavras-compostas-em-alemao-e-seus-significados\\\/\"},\"wordCount\":2757,\"publisher\":{\"@id\":\"https:\\\/\\\/hridiomas.com\\\/aprender-alemao\\\/#organization\"},\"image\":{\"@id\":\"https:\\\/\\\/hridiomas.com\\\/aprender-alemao\\\/palavras-compostas-em-alemao-e-seus-significados\\\/#primaryimage\"},\"thumbnailUrl\":\"https:\\\/\\\/hridiomas.com\\\/aprender-alemao\\\/wp-content\\\/uploads\\\/sites\\\/6\\\/2026\\\/08\\\/destaque-2.jpg\",\"articleSection\":[\"Como se diz\"],\"inLanguage\":\"pt-BR\"},{\"@type\":\"WebPage\",\"@id\":\"https:\\\/\\\/hridiomas.com\\\/aprender-alemao\\\/palavras-compostas-em-alemao-e-seus-significados\\\/\",\"url\":\"https:\\\/\\\/hridiomas.com\\\/aprender-alemao\\\/palavras-compostas-em-alemao-e-seus-significados\\\/\",\"name\":\"30 palavras compostas em alem\u00e3o e seus significados &#8226; Aprender Alem\u00e3o\",\"isPartOf\":{\"@id\":\"https:\\\/\\\/hridiomas.com\\\/aprender-alemao\\\/#website\"},\"primaryImageOfPage\":{\"@id\":\"https:\\\/\\\/hridiomas.com\\\/aprender-alemao\\\/palavras-compostas-em-alemao-e-seus-significados\\\/#primaryimage\"},\"image\":{\"@id\":\"https:\\\/\\\/hridiomas.com\\\/aprender-alemao\\\/palavras-compostas-em-alemao-e-seus-significados\\\/#primaryimage\"},\"thumbnailUrl\":\"https:\\\/\\\/hridiomas.com\\\/aprender-alemao\\\/wp-content\\\/uploads\\\/sites\\\/6\\\/2026\\\/08\\\/destaque-2.jpg\",\"datePublished\":\"2026-08-28T21:11:00+00:00\",\"dateModified\":\"2026-08-28T21:14:51+00:00\",\"description\":\"Uma das caracter\u00edsticas mais interessantes do alem\u00e3o \u00e9 a facilidade com que o idioma cria palavras novas ao unir termos j\u00e1 existentes.\",\"breadcrumb\":{\"@id\":\"https:\\\/\\\/hridiomas.com\\\/aprender-alemao\\\/palavras-compostas-em-alemao-e-seus-significados\\\/#breadcrumb\"},\"inLanguage\":\"pt-BR\",\"potentialAction\":[{\"@type\":\"ReadAction\",\"target\":[\"https:\\\/\\\/hridiomas.com\\\/aprender-alemao\\\/palavras-compostas-em-alemao-e-seus-significados\\\/\"]}]},{\"@type\":\"ImageObject\",\"inLanguage\":\"pt-BR\",\"@id\":\"https:\\\/\\\/hridiomas.com\\\/aprender-alemao\\\/palavras-compostas-em-alemao-e-seus-significados\\\/#primaryimage\",\"url\":\"https:\\\/\\\/hridiomas.com\\\/aprender-alemao\\\/wp-content\\\/uploads\\\/sites\\\/6\\\/2026\\\/08\\\/destaque-2.jpg\",\"contentUrl\":\"https:\\\/\\\/hridiomas.com\\\/aprender-alemao\\\/wp-content\\\/uploads\\\/sites\\\/6\\\/2026\\\/08\\\/destaque-2.jpg\",\"width\":1500,\"height\":1000},{\"@type\":\"BreadcrumbList\",\"@id\":\"https:\\\/\\\/hridiomas.com\\\/aprender-alemao\\\/palavras-compostas-em-alemao-e-seus-significados\\\/#breadcrumb\",\"itemListElement\":[{\"@type\":\"ListItem\",\"position\":1,\"name\":\"In\u00edcio\",\"item\":\"https:\\\/\\\/hridiomas.com\\\/aprender-alemao\\\/\"},{\"@type\":\"ListItem\",\"position\":2,\"name\":\"30 palavras compostas em alem\u00e3o e seus significados\"}]},{\"@type\":\"WebSite\",\"@id\":\"https:\\\/\\\/hridiomas.com\\\/aprender-alemao\\\/#website\",\"url\":\"https:\\\/\\\/hridiomas.com\\\/aprender-alemao\\\/\",\"name\":\"Aprender Alem\u00e3o\",\"description\":\"Dicas para aprender alem\u00e3o\",\"publisher\":{\"@id\":\"https:\\\/\\\/hridiomas.com\\\/aprender-alemao\\\/#organization\"},\"alternateName\":\"Alem\u00e3o\",\"potentialAction\":[{\"@type\":\"SearchAction\",\"target\":{\"@type\":\"EntryPoint\",\"urlTemplate\":\"https:\\\/\\\/hridiomas.com\\\/aprender-alemao\\\/?s={search_term_string}\"},\"query-input\":{\"@type\":\"PropertyValueSpecification\",\"valueRequired\":true,\"valueName\":\"search_term_string\"}}],\"inLanguage\":\"pt-BR\"},{\"@type\":\"Organization\",\"@id\":\"https:\\\/\\\/hridiomas.com\\\/aprender-alemao\\\/#organization\",\"name\":\"HR idiomas\",\"url\":\"https:\\\/\\\/hridiomas.com\\\/aprender-alemao\\\/\",\"logo\":{\"@type\":\"ImageObject\",\"inLanguage\":\"pt-BR\",\"@id\":\"https:\\\/\\\/hridiomas.com\\\/aprender-alemao\\\/#\\\/schema\\\/logo\\\/image\\\/\",\"url\":\"https:\\\/\\\/hridiomas.com\\\/aprender-alemao\\\/wp-content\\\/uploads\\\/sites\\\/6\\\/2021\\\/04\\\/hricon-al.png\",\"contentUrl\":\"https:\\\/\\\/hridiomas.com\\\/aprender-alemao\\\/wp-content\\\/uploads\\\/sites\\\/6\\\/2021\\\/04\\\/hricon-al.png\",\"width\":512,\"height\":512,\"caption\":\"HR idiomas\"},\"image\":{\"@id\":\"https:\\\/\\\/hridiomas.com\\\/aprender-alemao\\\/#\\\/schema\\\/logo\\\/image\\\/\"},\"sameAs\":[\"https:\\\/\\\/www.facebook.com\\\/hridiomas\",\"https:\\\/\\\/x.com\\\/hridiomas\",\"https:\\\/\\\/www.instagram.com\\\/hridiomas\",\"https:\\\/\\\/www.linkedin.com\\\/company\\\/hridiomas\",\"https:\\\/\\\/www.youtube.com\\\/c\\\/HridiomasBr\"]},{\"@type\":\"Person\",\"@id\":\"https:\\\/\\\/hridiomas.com\\\/aprender-alemao\\\/#\\\/schema\\\/person\\\/074f113560c2f5d2d8531b6fb060d851\",\"name\":\"hridiomas\",\"image\":{\"@type\":\"ImageObject\",\"inLanguage\":\"pt-BR\",\"@id\":\"https:\\\/\\\/hridiomas.com\\\/aprender-alemao\\\/wp-content\\\/litespeed\\\/avatar\\\/6\\\/fb2620c0c0ccd633ad511be1feb4af56.jpg?ver=1787843668\",\"url\":\"https:\\\/\\\/hridiomas.com\\\/aprender-alemao\\\/wp-content\\\/litespeed\\\/avatar\\\/6\\\/fb2620c0c0ccd633ad511be1feb4af56.jpg?ver=1787843668\",\"contentUrl\":\"https:\\\/\\\/hridiomas.com\\\/aprender-alemao\\\/wp-content\\\/litespeed\\\/avatar\\\/6\\\/fb2620c0c0ccd633ad511be1feb4af56.jpg?ver=1787843668\",\"caption\":\"hridiomas\"}}]}<\/script>\n<!-- \/ Yoast SEO Premium plugin. -->","yoast_head_json":{"title":"30 palavras compostas em alem\u00e3o e seus significados &#8226; Aprender Alem\u00e3o","description":"Uma das caracter\u00edsticas mais interessantes do alem\u00e3o \u00e9 a facilidade com que o idioma cria palavras novas ao unir termos j\u00e1 existentes.","robots":{"index":"index","follow":"follow","max-snippet":"max-snippet:-1","max-image-preview":"max-image-preview:large","max-video-preview":"max-video-preview:-1"},"canonical":"https:\/\/hridiomas.com\/aprender-alemao\/palavras-compostas-em-alemao-e-seus-significados\/","og_locale":"pt_BR","og_type":"article","og_title":"30 palavras compostas em alem\u00e3o e seus significados &#8226; Aprender Alem\u00e3o","og_description":"Uma das caracter\u00edsticas mais interessantes do alem\u00e3o \u00e9 a facilidade com que o idioma cria palavras novas ao unir termos j\u00e1 existentes.","og_url":"https:\/\/hridiomas.com\/aprender-alemao\/palavras-compostas-em-alemao-e-seus-significados\/","og_site_name":"Aprender Alem\u00e3o","article_publisher":"https:\/\/www.facebook.com\/hridiomas","article_published_time":"2026-08-28T21:11:00+00:00","article_modified_time":"2026-08-28T21:14:51+00:00","og_image":[{"width":1500,"height":1000,"url":"http:\/\/hridiomas.com\/aprender-alemao\/wp-content\/uploads\/sites\/6\/2026\/08\/destaque-2.jpg","type":"image\/jpeg"}],"author":"hridiomas","twitter_card":"summary_large_image","twitter_creator":"@hridiomas","twitter_site":"@hridiomas","twitter_misc":{"Escrito por":"hridiomas","Est. tempo de leitura":"16 minutos"},"schema":{"@context":"https:\/\/schema.org","@graph":[{"@type":"Article","@id":"https:\/\/hridiomas.com\/aprender-alemao\/palavras-compostas-em-alemao-e-seus-significados\/#article","isPartOf":{"@id":"https:\/\/hridiomas.com\/aprender-alemao\/palavras-compostas-em-alemao-e-seus-significados\/"},"author":{"name":"hridiomas","@id":"https:\/\/hridiomas.com\/aprender-alemao\/#\/schema\/person\/074f113560c2f5d2d8531b6fb060d851"},"headline":"30 palavras compostas em alem\u00e3o e seus significados","datePublished":"2026-08-28T21:11:00+00:00","dateModified":"2026-08-28T21:14:51+00:00","mainEntityOfPage":{"@id":"https:\/\/hridiomas.com\/aprender-alemao\/palavras-compostas-em-alemao-e-seus-significados\/"},"wordCount":2757,"publisher":{"@id":"https:\/\/hridiomas.com\/aprender-alemao\/#organization"},"image":{"@id":"https:\/\/hridiomas.com\/aprender-alemao\/palavras-compostas-em-alemao-e-seus-significados\/#primaryimage"},"thumbnailUrl":"https:\/\/hridiomas.com\/aprender-alemao\/wp-content\/uploads\/sites\/6\/2026\/08\/destaque-2.jpg","articleSection":["Como se diz"],"inLanguage":"pt-BR"},{"@type":"WebPage","@id":"https:\/\/hridiomas.com\/aprender-alemao\/palavras-compostas-em-alemao-e-seus-significados\/","url":"https:\/\/hridiomas.com\/aprender-alemao\/palavras-compostas-em-alemao-e-seus-significados\/","name":"30 palavras compostas em alem\u00e3o e seus significados &#8226; Aprender Alem\u00e3o","isPartOf":{"@id":"https:\/\/hridiomas.com\/aprender-alemao\/#website"},"primaryImageOfPage":{"@id":"https:\/\/hridiomas.com\/aprender-alemao\/palavras-compostas-em-alemao-e-seus-significados\/#primaryimage"},"image":{"@id":"https:\/\/hridiomas.com\/aprender-alemao\/palavras-compostas-em-alemao-e-seus-significados\/#primaryimage"},"thumbnailUrl":"https:\/\/hridiomas.com\/aprender-alemao\/wp-content\/uploads\/sites\/6\/2026\/08\/destaque-2.jpg","datePublished":"2026-08-28T21:11:00+00:00","dateModified":"2026-08-28T21:14:51+00:00","description":"Uma das caracter\u00edsticas mais interessantes do alem\u00e3o \u00e9 a facilidade com que o idioma cria palavras novas ao unir termos j\u00e1 existentes.","breadcrumb":{"@id":"https:\/\/hridiomas.com\/aprender-alemao\/palavras-compostas-em-alemao-e-seus-significados\/#breadcrumb"},"inLanguage":"pt-BR","potentialAction":[{"@type":"ReadAction","target":["https:\/\/hridiomas.com\/aprender-alemao\/palavras-compostas-em-alemao-e-seus-significados\/"]}]},{"@type":"ImageObject","inLanguage":"pt-BR","@id":"https:\/\/hridiomas.com\/aprender-alemao\/palavras-compostas-em-alemao-e-seus-significados\/#primaryimage","url":"https:\/\/hridiomas.com\/aprender-alemao\/wp-content\/uploads\/sites\/6\/2026\/08\/destaque-2.jpg","contentUrl":"https:\/\/hridiomas.com\/aprender-alemao\/wp-content\/uploads\/sites\/6\/2026\/08\/destaque-2.jpg","width":1500,"height":1000},{"@type":"BreadcrumbList","@id":"https:\/\/hridiomas.com\/aprender-alemao\/palavras-compostas-em-alemao-e-seus-significados\/#breadcrumb","itemListElement":[{"@type":"ListItem","position":1,"name":"In\u00edcio","item":"https:\/\/hridiomas.com\/aprender-alemao\/"},{"@type":"ListItem","position":2,"name":"30 palavras compostas em alem\u00e3o e seus significados"}]},{"@type":"WebSite","@id":"https:\/\/hridiomas.com\/aprender-alemao\/#website","url":"https:\/\/hridiomas.com\/aprender-alemao\/","name":"Aprender Alem\u00e3o","description":"Dicas para aprender alem\u00e3o","publisher":{"@id":"https:\/\/hridiomas.com\/aprender-alemao\/#organization"},"alternateName":"Alem\u00e3o","potentialAction":[{"@type":"SearchAction","target":{"@type":"EntryPoint","urlTemplate":"https:\/\/hridiomas.com\/aprender-alemao\/?s={search_term_string}"},"query-input":{"@type":"PropertyValueSpecification","valueRequired":true,"valueName":"search_term_string"}}],"inLanguage":"pt-BR"},{"@type":"Organization","@id":"https:\/\/hridiomas.com\/aprender-alemao\/#organization","name":"HR idiomas","url":"https:\/\/hridiomas.com\/aprender-alemao\/","logo":{"@type":"ImageObject","inLanguage":"pt-BR","@id":"https:\/\/hridiomas.com\/aprender-alemao\/#\/schema\/logo\/image\/","url":"https:\/\/hridiomas.com\/aprender-alemao\/wp-content\/uploads\/sites\/6\/2021\/04\/hricon-al.png","contentUrl":"https:\/\/hridiomas.com\/aprender-alemao\/wp-content\/uploads\/sites\/6\/2021\/04\/hricon-al.png","width":512,"height":512,"caption":"HR idiomas"},"image":{"@id":"https:\/\/hridiomas.com\/aprender-alemao\/#\/schema\/logo\/image\/"},"sameAs":["https:\/\/www.facebook.com\/hridiomas","https:\/\/x.com\/hridiomas","https:\/\/www.instagram.com\/hridiomas","https:\/\/www.linkedin.com\/company\/hridiomas","https:\/\/www.youtube.com\/c\/HridiomasBr"]},{"@type":"Person","@id":"https:\/\/hridiomas.com\/aprender-alemao\/#\/schema\/person\/074f113560c2f5d2d8531b6fb060d851","name":"hridiomas","image":{"@type":"ImageObject","inLanguage":"pt-BR","@id":"https:\/\/hridiomas.com\/aprender-alemao\/wp-content\/litespeed\/avatar\/6\/fb2620c0c0ccd633ad511be1feb4af56.jpg?ver=1787843668","url":"https:\/\/hridiomas.com\/aprender-alemao\/wp-content\/litespeed\/avatar\/6\/fb2620c0c0ccd633ad511be1feb4af56.jpg?ver=1787843668","contentUrl":"https:\/\/hridiomas.com\/aprender-alemao\/wp-content\/litespeed\/avatar\/6\/fb2620c0c0ccd633ad511be1feb4af56.jpg?ver=1787843668","caption":"hridiomas"}}]}},"_links":{"self":[{"href":"https:\/\/hridiomas.com\/aprender-alemao\/wp-json\/wp\/v2\/posts\/2025","targetHints":{"allow":["GET"]}}],"collection":[{"href":"https:\/\/hridiomas.com\/aprender-alemao\/wp-json\/wp\/v2\/posts"}],"about":[{"href":"https:\/\/hridiomas.com\/aprender-alemao\/wp-json\/wp\/v2\/types\/post"}],"author":[{"embeddable":true,"href":"https:\/\/hridiomas.com\/aprender-alemao\/wp-json\/wp\/v2\/users\/1"}],"replies":[{"embeddable":true,"href":"https:\/\/hridiomas.com\/aprender-alemao\/wp-json\/wp\/v2\/comments?post=2025"}],"version-history":[{"count":18,"href":"https:\/\/hridiomas.com\/aprender-alemao\/wp-json\/wp\/v2\/posts\/2025\/revisions"}],"predecessor-version":[{"id":2045,"href":"https:\/\/hridiomas.com\/aprender-alemao\/wp-json\/wp\/v2\/posts\/2025\/revisions\/2045"}],"wp:featuredmedia":[{"embeddable":true,"href":"https:\/\/hridiomas.com\/aprender-alemao\/wp-json\/wp\/v2\/media\/2042"}],"wp:attachment":[{"href":"https:\/\/hridiomas.com\/aprender-alemao\/wp-json\/wp\/v2\/media?parent=2025"}],"wp:term":[{"taxonomy":"category","embeddable":true,"href":"https:\/\/hridiomas.com\/aprender-alemao\/wp-json\/wp\/v2\/categories?post=2025"},{"taxonomy":"post_tag","embeddable":true,"href":"https:\/\/hridiomas.com\/aprender-alemao\/wp-json\/wp\/v2\/tags?post=2025"}],"curies":[{"name":"wp","href":"https:\/\/api.w.org\/{rel}","templated":true}]}}