{"id":1790,"date":"2026-08-31T16:15:21","date_gmt":"2026-08-31T19:15:21","guid":{"rendered":"https:\/\/hridiomas.com\/aprender-alemao\/?p=1790"},"modified":"2026-08-31T16:15:21","modified_gmt":"2026-08-31T19:15:21","slug":"palavras-em-alemao-com-significados-nada-poeticos","status":"publish","type":"post","link":"https:\/\/hridiomas.com\/aprender-alemao\/palavras-em-alemao-com-significados-nada-poeticos\/","title":{"rendered":"Palavras em alem\u00e3o com significados (nada) po\u00e9ticos"},"content":{"rendered":"\n<p class=\"wp-block-paragraph\">Ao explorarmos essas palavras, mergulhamos n\u00e3o apenas na linguagem, mas tamb\u00e9m nas diversas maneiras como diferentes culturas interpretam e expressam o mundo ao seu redor. Prepare-se para uma jornada cativante pelos caminhos do humor alem\u00e3o, onde cada termo revela uma nova perspectiva sobre a vida e a riqueza da l\u00edngua germ\u00e2nica.<\/p>\n\n\n\n<h2 id=\"h-specklawine\" class=\"wp-block-heading\">Specklawine<\/h2>\n\n\n\n<p class=\"wp-block-paragraph\">&#8220;Specklawine&#8221; \u00e9 uma palavra composta em alem\u00e3o formada por <em>Speck<\/em> (\u201cbacon\u201d, \u201ctoucinho\u201d ou \u201cgordura\u201d) e <em>Lawine<\/em> (\u201cavalanche\u201d). Literalmente, pode ser traduzida como \u201cavalanche de bacon\u201d.<\/p>\n\n\n\n<p class=\"wp-block-paragraph\">Em sentido figurado, a palavra \u00e9 usada como um insulto para se referir a uma pessoa gorda ou acima do peso. A imagem criada \u00e9 exagerada e depreciativa, sugere uma grande quantidade de gordura avan\u00e7ando como uma avalanche.<\/p>\n\n\n\n<p class=\"wp-block-paragraph\"><strong>Da kommt ja die <span style=\"text-decoration: underline;\">Specklawine<\/span>.<br><\/strong>L\u00e1 vem a <span style=\"text-decoration: underline;\">avalanche de bacon<\/span>.<\/p>\n\n\n\n<p class=\"wp-block-paragraph\">Por ser uma express\u00e3o ofensiva, <em>Specklawine<\/em> n\u00e3o \u00e9 uma palavra apropriada para descrever algu\u00e9m. Ela pode aparecer em piadas, discuss\u00f5es, filmes ou conversas informais, \u00e9 \u00fatil aprend\u00ea-la para reconhec\u00ea-la sem nunca empreg\u00e1-la.<\/p>\n\n\n\n<h2 id=\"h-pisslappen\" class=\"wp-block-heading\">Pisslappen<\/h2>\n\n\n\n<p class=\"wp-block-paragraph\">&#8220;Pisslappen&#8221; \u00e9 uma palavra coloquial, vulgar e ofensiva em alem\u00e3o. Ela \u00e9 composta por <em>Piss<\/em>, forma chula relacionada a \u201cmijo\u201d ou \u201curina\u201d, e <em>Lappen<\/em>, que significa \u201cpano\u201d ou \u201ctrapo\u201d. Assim, sua tradu\u00e7\u00e3o literal seria algo como \u201ctrapo de mijo\u201d.<\/p>\n\n\n\n<p class=\"wp-block-paragraph\">No uso figurado, <em>Pisslappen<\/em> funciona como um insulto para chamar algu\u00e9m de nojento, desagrad\u00e1vel, desprez\u00edvel ou associado \u00e0 falta de higiene. \u00c9 uma express\u00e3o pesada, inadequada para contextos formais e pouco recomend\u00e1vel mesmo em conversas informais.<\/p>\n\n\n\n<p class=\"wp-block-paragraph\"><strong>R\u00e4um endlich dein Zimmer auf, <span style=\"text-decoration: underline;\">du Pisslappen!<\/span><br><\/strong>Arrume logo o seu quarto, <span style=\"text-decoration: underline;\">seu nojento!<\/span><\/p>\n\n\n\n<p class=\"wp-block-paragraph\">A palavra ilustra bem como o alem\u00e3o pode formar insultos bastante expressivos por meio de compostos. Neste caso, por\u00e9m, o efeito \u00e9 deliberadamente grosseiro, e o termo deve ser conhecido sobretudo para fins de compreens\u00e3o.<\/p>\n\n\n\n<h2 id=\"h-nasenfahrrad\" class=\"wp-block-heading\">Nasenfahrrad<\/h2>\n\n\n\n<p class=\"wp-block-paragraph\">&#8220;Nasenfahrrad&#8221; \u00e9 uma palavra composta e humor\u00edstica formada por <em>Nase<\/em> (\u201cnariz\u201d) e <em>Fahrrad<\/em> (\u201cbicicleta\u201d). A tradu\u00e7\u00e3o literal \u00e9 \u201cbicicleta de nariz\u201d.<\/p>\n\n\n\n<p class=\"wp-block-paragraph\">Apesar da imagem inusitada, <em>Nasenfahrrad<\/em> \u00e9 apenas uma maneira coloquial e brincalhona de dizer \u00f3culos (<em>Brille<\/em>, em alem\u00e3o). O apelido faz refer\u00eancia ao fato de os \u00f3culos ficarem apoiados no nariz, como se fossem um pequeno ve\u00edculo estacionado ali.<\/p>\n\n\n\n<p class=\"wp-block-paragraph\">\u00c9 uma express\u00e3o informal, mais associada ao humor. Ainda assim, pode soar infantil, caricata ou pouco adequada em situa\u00e7\u00f5es s\u00e9rias.<\/p>\n\n\n\n<p class=\"wp-block-paragraph\"><strong>Wo ist mein <span style=\"text-decoration: underline;\">Nasenfahrrad<\/span>? Ich kann nichts lesen.<br><\/strong>Onde est\u00e3o meus <span style=\"text-decoration: underline;\">\u00f3culos<\/span>? N\u00e3o consigo ler nada.<\/p>\n\n\n\n<p class=\"wp-block-paragraph\">O termo \u00e9 registrado como sin\u00f4nimo coloquial de <em>Brille<\/em>, isto \u00e9, &#8220;\u00f3culos&#8221;.<\/p>\n\n\n\n<h2 id=\"h-morgenmuffel\" class=\"wp-block-heading\">Morgenmuffel<\/h2>\n\n\n\n<p class=\"wp-block-paragraph\">&#8220;Morgenmuffel&#8221; \u00e9 uma palavra formada por <em>Morgen<\/em> (\u201cmanh\u00e3\u201d) e <em>Muffel<\/em>, termo usado para uma pessoa rabugenta, mal-humorada ou pouco soci\u00e1vel. Literalmente, a palavra poderia ser entendida como \u201crabugento da manh\u00e3\u201d.<\/p>\n\n\n\n<p class=\"wp-block-paragraph\">Ela descreve algu\u00e9m que costuma acordar de mau humor, fala pouco ou demora a se animar depois de levantar. Em portugu\u00eas, dependendo da situa\u00e7\u00e3o, pode equivaler a \u201cpessoa que n\u00e3o funciona de manh\u00e3\u201d, \u201cquem acorda de mau humor\u201d ou \u201cn\u00e3o ser uma pessoa matinal\u201d.<\/p>\n\n\n\n<p class=\"wp-block-paragraph\">Em geral, <em>Morgenmuffel<\/em> tem um tom leve e bem-humorado. Muitas pessoas usam a palavra para falar de si mesmas, especialmente ao dizer que precisam de caf\u00e9 antes de conversar.<\/p>\n\n\n\n<p class=\"wp-block-paragraph\"><strong>Vor dem ersten Kaffee bin ich ein echter <span style=\"text-decoration: underline;\">Morgenmuffel<\/span>.<br><\/strong>Antes do primeiro caf\u00e9, eu sou uma verdadeira <span style=\"text-decoration: underline;\">pessoa que n\u00e3o funciona de manh\u00e3<\/span>.<\/p>\n\n\n\n<p class=\"wp-block-paragraph\">Podemos definir <em>Morgenmuffel<\/em> como algu\u00e9m que, depois de acordar, em geral n\u00e3o est\u00e1 de bom humor, mostra-se rabugento e fala pouco.<\/p>\n\n\n\n<h2 id=\"h-spargeltarzan\" class=\"wp-block-heading\">Spargeltarzan<\/h2>\n\n\n\n<p class=\"wp-block-paragraph\">&#8220;Spargeltarzan&#8221; \u00e9 uma palavra composta que une <em>Spargel<\/em> (\u201caspargo\u201d) e <em>Tarzan<\/em>, o conhecido personagem associado \u00e0 for\u00e7a f\u00edsica e a um corpo musculoso. Literalmente, seria algo como \u201cTarzan-aspargo\u201d.<\/p>\n\n\n\n<p class=\"wp-block-paragraph\">A express\u00e3o \u00e9 usada de modo coloquial para descrever um homem ou menino muito magro, alto, franzino e com pouca musculatura. O humor vem justamente do contraste entre Tarzan, imaginado como forte, e o aspargo, fino e comprido.<\/p>\n\n\n\n<p class=\"wp-block-paragraph\">Em portugu\u00eas, as equival\u00eancias variam conforme o tom: \u201cmagricela\u201d, \u201cvara-pau\u201d, \u201cpalito\u201d ou \u201cesquel\u00e9tico\u201d. Apesar de poder ser usado em tom de brincadeira, <em>Spargeltarzan<\/em> pode ofender uma pessoa por fazer coment\u00e1rio sobre seu corpo.<\/p>\n\n\n\n<p class=\"wp-block-paragraph\"><strong>Als Jugendlicher war er ein echter <span style=\"text-decoration: underline;\">Spargeltarzan<\/span>.<br><\/strong>Quando adolescente, ele era um verdadeiro <span style=\"text-decoration: underline;\">magricela<\/span>.<\/p>\n\n\n\n<h2 id=\"h-kampfzwerg\" class=\"wp-block-heading\">Kampfzwerg<\/h2>\n\n\n\n<p class=\"wp-block-paragraph\">&#8220;Kampfzwerg&#8221; \u00e9 formado por <em>Kampf<\/em> (\u201cluta\u201d ou \u201ccombate\u201d) e <em>Zwerg<\/em> (\u201can\u00e3o\u201d ou \u201cgnomo\u201d). A tradu\u00e7\u00e3o literal \u00e9 \u201can\u00e3o de combate\u201d ou \u201cgnomo de luta\u201d.<\/p>\n\n\n\n<p class=\"wp-block-paragraph\">No uso figurado, a palavra descreve uma pessoa baixa que \u00e9 especialmente combativa, en\u00e9rgica, destemida ou agressiva. A express\u00e3o se apoia no contraste entre uma estatura pequena e uma atitude de quem enfrenta tudo e todos.<\/p>\n\n\n\n<p class=\"wp-block-paragraph\">Dependendo da entona\u00e7\u00e3o, <em>Kampfzwerg<\/em> pode ser uma provoca\u00e7\u00e3o amig\u00e1vel, um elogio \u00e0 determina\u00e7\u00e3o de algu\u00e9m ou um insulto.<\/p>\n\n\n\n<p class=\"wp-block-paragraph\"><strong>Untersch\u00e4tz sie nicht \u2014 sie ist ein echter <span style=\"text-decoration: underline;\">Kampfzwerg<\/span>.<br><\/strong>N\u00e3o a subestime \u2014 ela \u00e9 uma verdadeira <span style=\"text-decoration: underline;\">pequena guerreira<\/span>.<\/p>\n\n\n\n<p class=\"wp-block-paragraph\">A palavra \u00e9 usada ocasionalmente no alem\u00e3o como um xingamento ou apelido coloquial para algu\u00e9m de baixa estatura e atitude combativa.<\/p>\n\n\n\n<h2 id=\"h-zwergtyrann\" class=\"wp-block-heading\">Zwergtyrann<\/h2>\n\n\n\n<p class=\"wp-block-paragraph\">&#8220;Zwergtyrann&#8221; combina <em>Zwerg<\/em> (\u201can\u00e3o\u201d ou \u201cgnomo\u201d) e <em>Tyrann<\/em> (\u201ctirano\u201d). Ao p\u00e9 da letra, significa \u201ctirano an\u00e3o\u201d.<\/p>\n\n\n\n<p class=\"wp-block-paragraph\">No sentido figurado, a express\u00e3o descreve uma pessoa baixa ou, com frequ\u00eancia, uma crian\u00e7a, que age de forma mandona, autorit\u00e1ria ou dominadora. A imagem \u00e9 a de algu\u00e9m fisicamente pequeno, mas que tenta controlar todos ao redor.<\/p>\n\n\n\n<p class=\"wp-block-paragraph\">Em portugu\u00eas, pode ser traduzida como \u201cpequeno tirano\u201d, \u201ctiranozinho\u201d ou \u201cbaixinho mand\u00e3o\u201d, sempre de acordo com o contexto.<\/p>\n\n\n\n<p class=\"wp-block-paragraph\"><strong>Der kleine <span style=\"text-decoration: underline;\">Zwergtyrann<\/span> entscheidet immer, welches Spiel gespielt wird.<br><\/strong><span style=\"text-decoration: underline;\">O pequeno tirano<\/span> sempre decide qual brincadeira ser\u00e1 feita.<\/p>\n\n\n\n<h2 id=\"h-dummdodel\" class=\"wp-block-heading\">Dummd\u00f6del<\/h2>\n\n\n\n<p class=\"wp-block-paragraph\">&#8220;Dummd\u00f6del&#8221; \u00e9 uma palavra coloquial e pejorativa formada por <em>dumm<\/em> (\u201cburro\u201d, \u201cbobo\u201d ou \u201cest\u00fapido\u201d) e <em>D\u00f6del<\/em>. Nesse contexto, <em>D\u00f6del<\/em> tem o sentido de \u201ctolo\u201d, \u201cidiota\u201d ou \u201ccabe\u00e7a-oca\u201d, embora tamb\u00e9m possa ter outro sentido vulgar em alem\u00e3o.<\/p>\n\n\n\n<p class=\"wp-block-paragraph\">Assim, <em>Dummd\u00f6del<\/em> \u00e9 usado para chamar algu\u00e9m de muito bobo, tonto ou idiota. Em portugu\u00eas, equivalentes poss\u00edveis incluem \u201cbob\u00e3o\u201d, \u201ctonto\u201d, \u201ccabe\u00e7a-oca\u201d e \u201cimbecil\u201d.<\/p>\n\n\n\n<p class=\"wp-block-paragraph\">O tom depende da situa\u00e7\u00e3o. Entre amigos, pode funcionar como uma bronca leve ou uma provoca\u00e7\u00e3o bem-humorada; em uma discuss\u00e3o, entretanto, \u00e9 claramente um insulto.<\/p>\n\n\n\n<p class=\"wp-block-paragraph\"><strong><span style=\"text-decoration: underline;\">Du Dummd\u00f6del<\/span>, das war doch nur ein Witz!<br><\/strong><span style=\"text-decoration: underline;\">Seu bob\u00e3o<\/span>, isso era s\u00f3 uma piada!<\/p>\n\n\n\n<p class=\"wp-block-paragraph\">O elemento <em>D\u00f6del<\/em> \u00e9 registrado em dicion\u00e1rios como uma forma de se referir a um <em>Dummkopf<\/em>, isto \u00e9, a um idiota ou bobalh\u00e3o.<\/p>\n\n\n\n<h2 id=\"h-gehwegpanzer\" class=\"wp-block-heading\">Gehwegpanzer<\/h2>\n\n\n\n<p class=\"wp-block-paragraph\">&#8220;Gehwegpanzer&#8221; \u00e9 uma palavra composta por <em>Gehweg<\/em> (\u201ccal\u00e7ada\u201d ou \u201cpasseio\u201d) e <em>Panzer<\/em> (\u201ctanque de guerra\u201d). Literalmente, pode ser traduzida como \u201ctanque de cal\u00e7ada\u201d.<\/p>\n\n\n\n<p class=\"wp-block-paragraph\">No sentido figurado, \u00e9 um insulto usado para se referir a uma pessoa gorda, com base na imagem de algu\u00e9m que ocuparia toda a largura da cal\u00e7ada. A express\u00e3o \u00e9 depreciativa, portanto n\u00e3o deve ser usada falar sobre algu\u00e9m.<\/p>\n\n\n\n<h2 id=\"h-augenweide\" class=\"wp-block-heading\">Augenweide<\/h2>\n\n\n\n<p class=\"wp-block-paragraph\">&#8220;Augenweide&#8221; \u00e9 uma palavra alem\u00e3 usada para designar algo ou algu\u00e9m que \u00e9 muito bonito e agrad\u00e1vel de ver. A tradu\u00e7\u00e3o mais natural em portugu\u00eas \u00e9 \u201cdeleite para os olhos\u201d, \u201ccol\u00edrio para os olhos\u201d ou \u201cvis\u00e3o encantadora\u201d.<\/p>\n\n\n\n<p class=\"wp-block-paragraph\">Embora possa ser analisada como <em>Augen<\/em> (\u201colhos\u201d) + <em>Weide<\/em>, seu sentido n\u00e3o \u00e9 \u201cpasto para os olhos\u201d. Historicamente, o elemento <em>Weide<\/em> est\u00e1 ligado \u00e0 ideia de prazer, satisfa\u00e7\u00e3o ou refrig\u00e9rio. Assim, <em>Augenweide<\/em> transmite a no\u00e7\u00e3o de algo que proporciona prazer visual.<\/p>\n\n\n\n<p class=\"wp-block-paragraph\">A palavra pode se referir a uma paisagem, uma obra de arte, um jardim, uma decora\u00e7\u00e3o ou uma pessoa considerada atraente. Quando aplicada a pessoas, por\u00e9m, o contexto importa: dependendo da situa\u00e7\u00e3o, pode soar como elogio ou como objetifica\u00e7\u00e3o.<\/p>\n\n\n\n<p class=\"wp-block-paragraph\"><strong>Der Garten ist im Fr\u00fchling eine echte <span style=\"text-decoration: underline;\">Augenweide<\/span>.<br><\/strong>O jardim \u00e9 um verdadeiro <span style=\"text-decoration: underline;\">deleite para os olhos<\/span> na primavera.<\/p>\n\n\n\n<h2 id=\"h-gesichtsruine\" class=\"wp-block-heading\">Gesichtsruine<\/h2>\n\n\n\n<p class=\"wp-block-paragraph\">&#8220;Gesichtsruine&#8221; \u00e9 uma palavra composta que une <em>Gesicht<\/em> (\u201crosto\u201d) e <em>Ruine<\/em> (\u201cru\u00edna\u201d). Literalmente, significa \u201cru\u00edna de rosto\u201d ou \u201crosto em ru\u00ednas\u201d.<\/p>\n\n\n\n<p class=\"wp-block-paragraph\">No uso coloquial, \u00e9 um insulto agressivo empregado para dizer que uma pessoa \u00e9 considerada muito feia ou tem um rosto desagrad\u00e1vel. A palavra compara a apar\u00eancia de algu\u00e9m a uma constru\u00e7\u00e3o destru\u00edda, o que a torna particularmente humilhante.<\/p>\n\n\n\n<p class=\"wp-block-paragraph\"><strong>Er nannte seinen Gegner eine <span style=\"text-decoration: underline;\">Gesichtsruine<\/span>.<br><\/strong>Ele chamou o advers\u00e1rio de <span style=\"text-decoration: underline;\">cara em ru\u00ednas<\/span>.<\/p>\n\n\n\n<p class=\"wp-block-paragraph\">Por esse motivo, <em>Gesichtsruine<\/em> deve ser entendida como vocabul\u00e1rio de reconhecimento, n\u00e3o como uma express\u00e3o recomend\u00e1vel para uso.<\/p>\n\n\n\n<hr class=\"wp-block-separator has-alpha-channel-opacity is-style-dots\"\/>\n\n\n\n<p class=\"wp-block-paragraph\">E comum, as palavras mostram uma caracter\u00edstica marcante do alem\u00e3o, a facilidade de formar compostos que criam imagens muito concretas e memor\u00e1veis.<\/p>\n","protected":false},"excerpt":{"rendered":"<p>Ao explorarmos essas palavras, mergulhamos n\u00e3o apenas na linguagem, mas tamb\u00e9m nas diversas maneiras como diferentes culturas interpretam e expressam o mundo ao seu redor. Prepare-se para uma jornada cativante pelos caminhos do humor alem\u00e3o, onde cada termo revela uma nova perspectiva sobre a vida e a riqueza da l\u00edngua germ\u00e2nica. Specklawine &#8220;Specklawine&#8221; \u00e9 uma<\/p>\n","protected":false},"author":1,"featured_media":2053,"comment_status":"closed","ping_status":"closed","sticky":false,"template":"","format":"standard","meta":{"footnotes":""},"categories":[10],"tags":[],"class_list":["post-1790","post","type-post","status-publish","format-standard","has-post-thumbnail","category-curiosidades"],"yoast_head":"<!-- This site is optimized with the Yoast SEO Premium plugin v28.1 (Yoast SEO v28.3) - https:\/\/yoast.com\/product\/yoast-seo-premium-wordpress\/ -->\n<title>Palavras em alem\u00e3o com significados (nada) po\u00e9ticos &#8226; Aprender Alem\u00e3o<\/title>\n<meta name=\"description\" content=\"Ao explorarmos essas palavras, mergulhamos nas diversas maneiras como diferentes culturas interpretam o mundo.\" \/>\n<meta name=\"robots\" content=\"index, follow, max-snippet:-1, max-image-preview:large, max-video-preview:-1\" \/>\n<link rel=\"canonical\" href=\"https:\/\/hridiomas.com\/aprender-alemao\/palavras-em-alemao-com-significados-nada-poeticos\/\" \/>\n<meta property=\"og:locale\" content=\"pt_BR\" \/>\n<meta property=\"og:type\" content=\"article\" \/>\n<meta property=\"og:title\" content=\"Palavras em alem\u00e3o com significados (nada) po\u00e9ticos &#8226; Aprender Alem\u00e3o\" \/>\n<meta property=\"og:description\" content=\"Ao explorarmos essas palavras, mergulhamos nas diversas maneiras como diferentes culturas interpretam o mundo.\" \/>\n<meta property=\"og:url\" content=\"https:\/\/hridiomas.com\/aprender-alemao\/palavras-em-alemao-com-significados-nada-poeticos\/\" \/>\n<meta property=\"og:site_name\" content=\"Aprender Alem\u00e3o\" \/>\n<meta property=\"article:publisher\" content=\"https:\/\/www.facebook.com\/hridiomas\" \/>\n<meta property=\"article:published_time\" content=\"2026-08-31T19:15:21+00:00\" \/>\n<meta property=\"og:image\" content=\"http:\/\/hridiomas.com\/aprender-alemao\/wp-content\/uploads\/sites\/6\/2026\/08\/destaque-3.jpg\" \/>\n\t<meta property=\"og:image:width\" content=\"1500\" \/>\n\t<meta property=\"og:image:height\" content=\"1001\" \/>\n\t<meta property=\"og:image:type\" content=\"image\/jpeg\" \/>\n<meta name=\"author\" content=\"hridiomas\" \/>\n<meta name=\"twitter:card\" content=\"summary_large_image\" \/>\n<meta name=\"twitter:creator\" content=\"@hridiomas\" \/>\n<meta name=\"twitter:site\" content=\"@hridiomas\" \/>\n<meta name=\"twitter:label1\" content=\"Escrito por\" \/>\n\t<meta name=\"twitter:data1\" content=\"hridiomas\" \/>\n\t<meta name=\"twitter:label2\" content=\"Est. tempo de leitura\" \/>\n\t<meta name=\"twitter:data2\" content=\"8 minutos\" \/>\n<script type=\"application\/ld+json\" class=\"yoast-schema-graph\">{\"@context\":\"https:\\\/\\\/schema.org\",\"@graph\":[{\"@type\":\"Article\",\"@id\":\"https:\\\/\\\/hridiomas.com\\\/aprender-alemao\\\/palavras-em-alemao-com-significados-nada-poeticos\\\/#article\",\"isPartOf\":{\"@id\":\"https:\\\/\\\/hridiomas.com\\\/aprender-alemao\\\/palavras-em-alemao-com-significados-nada-poeticos\\\/\"},\"author\":{\"name\":\"hridiomas\",\"@id\":\"https:\\\/\\\/hridiomas.com\\\/aprender-alemao\\\/#\\\/schema\\\/person\\\/074f113560c2f5d2d8531b6fb060d851\"},\"headline\":\"Palavras em alem\u00e3o com significados (nada) po\u00e9ticos\",\"datePublished\":\"2026-08-31T19:15:21+00:00\",\"mainEntityOfPage\":{\"@id\":\"https:\\\/\\\/hridiomas.com\\\/aprender-alemao\\\/palavras-em-alemao-com-significados-nada-poeticos\\\/\"},\"wordCount\":1399,\"publisher\":{\"@id\":\"https:\\\/\\\/hridiomas.com\\\/aprender-alemao\\\/#organization\"},\"image\":{\"@id\":\"https:\\\/\\\/hridiomas.com\\\/aprender-alemao\\\/palavras-em-alemao-com-significados-nada-poeticos\\\/#primaryimage\"},\"thumbnailUrl\":\"https:\\\/\\\/hridiomas.com\\\/aprender-alemao\\\/wp-content\\\/uploads\\\/sites\\\/6\\\/2026\\\/08\\\/destaque-3.jpg\",\"articleSection\":[\"Curiosidades\"],\"inLanguage\":\"pt-BR\"},{\"@type\":\"WebPage\",\"@id\":\"https:\\\/\\\/hridiomas.com\\\/aprender-alemao\\\/palavras-em-alemao-com-significados-nada-poeticos\\\/\",\"url\":\"https:\\\/\\\/hridiomas.com\\\/aprender-alemao\\\/palavras-em-alemao-com-significados-nada-poeticos\\\/\",\"name\":\"Palavras em alem\u00e3o com significados (nada) po\u00e9ticos &#8226; Aprender Alem\u00e3o\",\"isPartOf\":{\"@id\":\"https:\\\/\\\/hridiomas.com\\\/aprender-alemao\\\/#website\"},\"primaryImageOfPage\":{\"@id\":\"https:\\\/\\\/hridiomas.com\\\/aprender-alemao\\\/palavras-em-alemao-com-significados-nada-poeticos\\\/#primaryimage\"},\"image\":{\"@id\":\"https:\\\/\\\/hridiomas.com\\\/aprender-alemao\\\/palavras-em-alemao-com-significados-nada-poeticos\\\/#primaryimage\"},\"thumbnailUrl\":\"https:\\\/\\\/hridiomas.com\\\/aprender-alemao\\\/wp-content\\\/uploads\\\/sites\\\/6\\\/2026\\\/08\\\/destaque-3.jpg\",\"datePublished\":\"2026-08-31T19:15:21+00:00\",\"description\":\"Ao explorarmos essas palavras, mergulhamos nas diversas maneiras como diferentes culturas interpretam o mundo.\",\"breadcrumb\":{\"@id\":\"https:\\\/\\\/hridiomas.com\\\/aprender-alemao\\\/palavras-em-alemao-com-significados-nada-poeticos\\\/#breadcrumb\"},\"inLanguage\":\"pt-BR\",\"potentialAction\":[{\"@type\":\"ReadAction\",\"target\":[\"https:\\\/\\\/hridiomas.com\\\/aprender-alemao\\\/palavras-em-alemao-com-significados-nada-poeticos\\\/\"]}]},{\"@type\":\"ImageObject\",\"inLanguage\":\"pt-BR\",\"@id\":\"https:\\\/\\\/hridiomas.com\\\/aprender-alemao\\\/palavras-em-alemao-com-significados-nada-poeticos\\\/#primaryimage\",\"url\":\"https:\\\/\\\/hridiomas.com\\\/aprender-alemao\\\/wp-content\\\/uploads\\\/sites\\\/6\\\/2026\\\/08\\\/destaque-3.jpg\",\"contentUrl\":\"https:\\\/\\\/hridiomas.com\\\/aprender-alemao\\\/wp-content\\\/uploads\\\/sites\\\/6\\\/2026\\\/08\\\/destaque-3.jpg\",\"width\":1500,\"height\":1001},{\"@type\":\"BreadcrumbList\",\"@id\":\"https:\\\/\\\/hridiomas.com\\\/aprender-alemao\\\/palavras-em-alemao-com-significados-nada-poeticos\\\/#breadcrumb\",\"itemListElement\":[{\"@type\":\"ListItem\",\"position\":1,\"name\":\"In\u00edcio\",\"item\":\"https:\\\/\\\/hridiomas.com\\\/aprender-alemao\\\/\"},{\"@type\":\"ListItem\",\"position\":2,\"name\":\"Palavras em alem\u00e3o com significados (nada) po\u00e9ticos\"}]},{\"@type\":\"WebSite\",\"@id\":\"https:\\\/\\\/hridiomas.com\\\/aprender-alemao\\\/#website\",\"url\":\"https:\\\/\\\/hridiomas.com\\\/aprender-alemao\\\/\",\"name\":\"Aprender Alem\u00e3o\",\"description\":\"Dicas para aprender alem\u00e3o\",\"publisher\":{\"@id\":\"https:\\\/\\\/hridiomas.com\\\/aprender-alemao\\\/#organization\"},\"alternateName\":\"Alem\u00e3o\",\"potentialAction\":[{\"@type\":\"SearchAction\",\"target\":{\"@type\":\"EntryPoint\",\"urlTemplate\":\"https:\\\/\\\/hridiomas.com\\\/aprender-alemao\\\/?s={search_term_string}\"},\"query-input\":{\"@type\":\"PropertyValueSpecification\",\"valueRequired\":true,\"valueName\":\"search_term_string\"}}],\"inLanguage\":\"pt-BR\"},{\"@type\":\"Organization\",\"@id\":\"https:\\\/\\\/hridiomas.com\\\/aprender-alemao\\\/#organization\",\"name\":\"HR idiomas\",\"url\":\"https:\\\/\\\/hridiomas.com\\\/aprender-alemao\\\/\",\"logo\":{\"@type\":\"ImageObject\",\"inLanguage\":\"pt-BR\",\"@id\":\"https:\\\/\\\/hridiomas.com\\\/aprender-alemao\\\/#\\\/schema\\\/logo\\\/image\\\/\",\"url\":\"https:\\\/\\\/hridiomas.com\\\/aprender-alemao\\\/wp-content\\\/uploads\\\/sites\\\/6\\\/2021\\\/04\\\/hricon-al.png\",\"contentUrl\":\"https:\\\/\\\/hridiomas.com\\\/aprender-alemao\\\/wp-content\\\/uploads\\\/sites\\\/6\\\/2021\\\/04\\\/hricon-al.png\",\"width\":512,\"height\":512,\"caption\":\"HR idiomas\"},\"image\":{\"@id\":\"https:\\\/\\\/hridiomas.com\\\/aprender-alemao\\\/#\\\/schema\\\/logo\\\/image\\\/\"},\"sameAs\":[\"https:\\\/\\\/www.facebook.com\\\/hridiomas\",\"https:\\\/\\\/x.com\\\/hridiomas\",\"https:\\\/\\\/www.instagram.com\\\/hridiomas\",\"https:\\\/\\\/www.linkedin.com\\\/company\\\/hridiomas\",\"https:\\\/\\\/www.youtube.com\\\/c\\\/HridiomasBr\"]},{\"@type\":\"Person\",\"@id\":\"https:\\\/\\\/hridiomas.com\\\/aprender-alemao\\\/#\\\/schema\\\/person\\\/074f113560c2f5d2d8531b6fb060d851\",\"name\":\"hridiomas\",\"image\":{\"@type\":\"ImageObject\",\"inLanguage\":\"pt-BR\",\"@id\":\"https:\\\/\\\/hridiomas.com\\\/aprender-alemao\\\/wp-content\\\/litespeed\\\/avatar\\\/6\\\/fb2620c0c0ccd633ad511be1feb4af56.jpg?ver=1787843668\",\"url\":\"https:\\\/\\\/hridiomas.com\\\/aprender-alemao\\\/wp-content\\\/litespeed\\\/avatar\\\/6\\\/fb2620c0c0ccd633ad511be1feb4af56.jpg?ver=1787843668\",\"contentUrl\":\"https:\\\/\\\/hridiomas.com\\\/aprender-alemao\\\/wp-content\\\/litespeed\\\/avatar\\\/6\\\/fb2620c0c0ccd633ad511be1feb4af56.jpg?ver=1787843668\",\"caption\":\"hridiomas\"}}]}<\/script>\n<!-- \/ Yoast SEO Premium plugin. -->","yoast_head_json":{"title":"Palavras em alem\u00e3o com significados (nada) po\u00e9ticos &#8226; Aprender Alem\u00e3o","description":"Ao explorarmos essas palavras, mergulhamos nas diversas maneiras como diferentes culturas interpretam o mundo.","robots":{"index":"index","follow":"follow","max-snippet":"max-snippet:-1","max-image-preview":"max-image-preview:large","max-video-preview":"max-video-preview:-1"},"canonical":"https:\/\/hridiomas.com\/aprender-alemao\/palavras-em-alemao-com-significados-nada-poeticos\/","og_locale":"pt_BR","og_type":"article","og_title":"Palavras em alem\u00e3o com significados (nada) po\u00e9ticos &#8226; Aprender Alem\u00e3o","og_description":"Ao explorarmos essas palavras, mergulhamos nas diversas maneiras como diferentes culturas interpretam o mundo.","og_url":"https:\/\/hridiomas.com\/aprender-alemao\/palavras-em-alemao-com-significados-nada-poeticos\/","og_site_name":"Aprender Alem\u00e3o","article_publisher":"https:\/\/www.facebook.com\/hridiomas","article_published_time":"2026-08-31T19:15:21+00:00","og_image":[{"width":1500,"height":1001,"url":"http:\/\/hridiomas.com\/aprender-alemao\/wp-content\/uploads\/sites\/6\/2026\/08\/destaque-3.jpg","type":"image\/jpeg"}],"author":"hridiomas","twitter_card":"summary_large_image","twitter_creator":"@hridiomas","twitter_site":"@hridiomas","twitter_misc":{"Escrito por":"hridiomas","Est. tempo de leitura":"8 minutos"},"schema":{"@context":"https:\/\/schema.org","@graph":[{"@type":"Article","@id":"https:\/\/hridiomas.com\/aprender-alemao\/palavras-em-alemao-com-significados-nada-poeticos\/#article","isPartOf":{"@id":"https:\/\/hridiomas.com\/aprender-alemao\/palavras-em-alemao-com-significados-nada-poeticos\/"},"author":{"name":"hridiomas","@id":"https:\/\/hridiomas.com\/aprender-alemao\/#\/schema\/person\/074f113560c2f5d2d8531b6fb060d851"},"headline":"Palavras em alem\u00e3o com significados (nada) po\u00e9ticos","datePublished":"2026-08-31T19:15:21+00:00","mainEntityOfPage":{"@id":"https:\/\/hridiomas.com\/aprender-alemao\/palavras-em-alemao-com-significados-nada-poeticos\/"},"wordCount":1399,"publisher":{"@id":"https:\/\/hridiomas.com\/aprender-alemao\/#organization"},"image":{"@id":"https:\/\/hridiomas.com\/aprender-alemao\/palavras-em-alemao-com-significados-nada-poeticos\/#primaryimage"},"thumbnailUrl":"https:\/\/hridiomas.com\/aprender-alemao\/wp-content\/uploads\/sites\/6\/2026\/08\/destaque-3.jpg","articleSection":["Curiosidades"],"inLanguage":"pt-BR"},{"@type":"WebPage","@id":"https:\/\/hridiomas.com\/aprender-alemao\/palavras-em-alemao-com-significados-nada-poeticos\/","url":"https:\/\/hridiomas.com\/aprender-alemao\/palavras-em-alemao-com-significados-nada-poeticos\/","name":"Palavras em alem\u00e3o com significados (nada) po\u00e9ticos &#8226; Aprender Alem\u00e3o","isPartOf":{"@id":"https:\/\/hridiomas.com\/aprender-alemao\/#website"},"primaryImageOfPage":{"@id":"https:\/\/hridiomas.com\/aprender-alemao\/palavras-em-alemao-com-significados-nada-poeticos\/#primaryimage"},"image":{"@id":"https:\/\/hridiomas.com\/aprender-alemao\/palavras-em-alemao-com-significados-nada-poeticos\/#primaryimage"},"thumbnailUrl":"https:\/\/hridiomas.com\/aprender-alemao\/wp-content\/uploads\/sites\/6\/2026\/08\/destaque-3.jpg","datePublished":"2026-08-31T19:15:21+00:00","description":"Ao explorarmos essas palavras, mergulhamos nas diversas maneiras como diferentes culturas interpretam o mundo.","breadcrumb":{"@id":"https:\/\/hridiomas.com\/aprender-alemao\/palavras-em-alemao-com-significados-nada-poeticos\/#breadcrumb"},"inLanguage":"pt-BR","potentialAction":[{"@type":"ReadAction","target":["https:\/\/hridiomas.com\/aprender-alemao\/palavras-em-alemao-com-significados-nada-poeticos\/"]}]},{"@type":"ImageObject","inLanguage":"pt-BR","@id":"https:\/\/hridiomas.com\/aprender-alemao\/palavras-em-alemao-com-significados-nada-poeticos\/#primaryimage","url":"https:\/\/hridiomas.com\/aprender-alemao\/wp-content\/uploads\/sites\/6\/2026\/08\/destaque-3.jpg","contentUrl":"https:\/\/hridiomas.com\/aprender-alemao\/wp-content\/uploads\/sites\/6\/2026\/08\/destaque-3.jpg","width":1500,"height":1001},{"@type":"BreadcrumbList","@id":"https:\/\/hridiomas.com\/aprender-alemao\/palavras-em-alemao-com-significados-nada-poeticos\/#breadcrumb","itemListElement":[{"@type":"ListItem","position":1,"name":"In\u00edcio","item":"https:\/\/hridiomas.com\/aprender-alemao\/"},{"@type":"ListItem","position":2,"name":"Palavras em alem\u00e3o com significados (nada) po\u00e9ticos"}]},{"@type":"WebSite","@id":"https:\/\/hridiomas.com\/aprender-alemao\/#website","url":"https:\/\/hridiomas.com\/aprender-alemao\/","name":"Aprender Alem\u00e3o","description":"Dicas para aprender alem\u00e3o","publisher":{"@id":"https:\/\/hridiomas.com\/aprender-alemao\/#organization"},"alternateName":"Alem\u00e3o","potentialAction":[{"@type":"SearchAction","target":{"@type":"EntryPoint","urlTemplate":"https:\/\/hridiomas.com\/aprender-alemao\/?s={search_term_string}"},"query-input":{"@type":"PropertyValueSpecification","valueRequired":true,"valueName":"search_term_string"}}],"inLanguage":"pt-BR"},{"@type":"Organization","@id":"https:\/\/hridiomas.com\/aprender-alemao\/#organization","name":"HR idiomas","url":"https:\/\/hridiomas.com\/aprender-alemao\/","logo":{"@type":"ImageObject","inLanguage":"pt-BR","@id":"https:\/\/hridiomas.com\/aprender-alemao\/#\/schema\/logo\/image\/","url":"https:\/\/hridiomas.com\/aprender-alemao\/wp-content\/uploads\/sites\/6\/2021\/04\/hricon-al.png","contentUrl":"https:\/\/hridiomas.com\/aprender-alemao\/wp-content\/uploads\/sites\/6\/2021\/04\/hricon-al.png","width":512,"height":512,"caption":"HR idiomas"},"image":{"@id":"https:\/\/hridiomas.com\/aprender-alemao\/#\/schema\/logo\/image\/"},"sameAs":["https:\/\/www.facebook.com\/hridiomas","https:\/\/x.com\/hridiomas","https:\/\/www.instagram.com\/hridiomas","https:\/\/www.linkedin.com\/company\/hridiomas","https:\/\/www.youtube.com\/c\/HridiomasBr"]},{"@type":"Person","@id":"https:\/\/hridiomas.com\/aprender-alemao\/#\/schema\/person\/074f113560c2f5d2d8531b6fb060d851","name":"hridiomas","image":{"@type":"ImageObject","inLanguage":"pt-BR","@id":"https:\/\/hridiomas.com\/aprender-alemao\/wp-content\/litespeed\/avatar\/6\/fb2620c0c0ccd633ad511be1feb4af56.jpg?ver=1787843668","url":"https:\/\/hridiomas.com\/aprender-alemao\/wp-content\/litespeed\/avatar\/6\/fb2620c0c0ccd633ad511be1feb4af56.jpg?ver=1787843668","contentUrl":"https:\/\/hridiomas.com\/aprender-alemao\/wp-content\/litespeed\/avatar\/6\/fb2620c0c0ccd633ad511be1feb4af56.jpg?ver=1787843668","caption":"hridiomas"}}]}},"_links":{"self":[{"href":"https:\/\/hridiomas.com\/aprender-alemao\/wp-json\/wp\/v2\/posts\/1790","targetHints":{"allow":["GET"]}}],"collection":[{"href":"https:\/\/hridiomas.com\/aprender-alemao\/wp-json\/wp\/v2\/posts"}],"about":[{"href":"https:\/\/hridiomas.com\/aprender-alemao\/wp-json\/wp\/v2\/types\/post"}],"author":[{"embeddable":true,"href":"https:\/\/hridiomas.com\/aprender-alemao\/wp-json\/wp\/v2\/users\/1"}],"replies":[{"embeddable":true,"href":"https:\/\/hridiomas.com\/aprender-alemao\/wp-json\/wp\/v2\/comments?post=1790"}],"version-history":[{"count":4,"href":"https:\/\/hridiomas.com\/aprender-alemao\/wp-json\/wp\/v2\/posts\/1790\/revisions"}],"predecessor-version":[{"id":2052,"href":"https:\/\/hridiomas.com\/aprender-alemao\/wp-json\/wp\/v2\/posts\/1790\/revisions\/2052"}],"wp:featuredmedia":[{"embeddable":true,"href":"https:\/\/hridiomas.com\/aprender-alemao\/wp-json\/wp\/v2\/media\/2053"}],"wp:attachment":[{"href":"https:\/\/hridiomas.com\/aprender-alemao\/wp-json\/wp\/v2\/media?parent=1790"}],"wp:term":[{"taxonomy":"category","embeddable":true,"href":"https:\/\/hridiomas.com\/aprender-alemao\/wp-json\/wp\/v2\/categories?post=1790"},{"taxonomy":"post_tag","embeddable":true,"href":"https:\/\/hridiomas.com\/aprender-alemao\/wp-json\/wp\/v2\/tags?post=1790"}],"curies":[{"name":"wp","href":"https:\/\/api.w.org\/{rel}","templated":true}]}}